{"id":18735,"date":"2007-02-15T00:00:00","date_gmt":"2007-02-14T22:00:00","guid":{"rendered":"https:\/\/master.greenpeace.ch\/beitrag\/18735\/bundesrat-soll-mut-haben-zur-energie-wende-2\/"},"modified":"2019-05-30T14:36:31","modified_gmt":"2019-05-30T12:36:31","slug":"bundesrat-soll-mut-haben-zur-energie-wende-2","status":"publish","type":"post","link":"https:\/\/www.greenpeace.ch\/de\/story\/18735\/bundesrat-soll-mut-haben-zur-energie-wende-2\/","title":{"rendered":"Bundesrat soll Mut haben zur Energie-Wende"},"content":{"rendered":"<p><b>Gr\u00fcner Teppich f\u00fcr Teilnehmer der Von-Wattenwyl-Gespr\u00e4che<\/b><\/p>\n<div>\n<div class=\"events-box small-box left\">\n<div class=\"frame\">\n        <a class=\"open-img EnlargeImage\" href=\"https:\/\/www.greenpeace.ch\/static\/planet4-switzerland-stateless\/2019\/05\/71ae999b-71ae999b-pic37.jpg\" title=\"\"><br \/>\n            <img decoding=\"async\" id=\"ctl00_cphContentArea_Property3_ctl00_ctl02_Image1\" class=\"Thumbnail\" src=\"https:\/\/www.greenpeace.ch\/static\/planet4-switzerland-stateless\/2019\/05\/71ae999b-71ae999b-pic37.jpg\" alt=\"\" style=\"border-width:0px;\"><\/p>\n<p>        <\/a>\n    <\/div>\n<div class=\"events-content no-title\">\n        <span class=\"date\"><\/span><br \/>\n        <strong><\/strong><\/p>\n<p>\n            \u00a9 Bennet \/ Greenpeace\n        <\/p>\n<\/p>\n<\/div>\n<\/div>\n<p class=\"bodytext\"><strong>Heute morgen haben Greenpeace-AktivistInnen f\u00fcr die TeilnehmerInnen der Von-Wattenwyl-Gespr\u00e4che den gr\u00fcnen Teppich ausgerollt. Die Umweltorganisation w\u00fcnscht dem Bundesrat sowie den Spitzen der Bundesratsparteien auf Bannern und Handzetteln \u00abMut zur Energie-Wende\u00bb.<\/strong><\/p>\n<p class=\"bodytext\">Bern. Mit einem kleinen Geschenk von Greenpeace sind die wichtigsten politischen Akteure der Schweiz heute in die Von-Wattenwyl-Gespr\u00e4che gegangen: Die abgegebenen Energiespar-Birnen verdeutlichen den heutigen Stand der Effizienztechnik. Die Birnen ben\u00f6tigen nur 6 Watt und geben gleich helles Licht wie eine veraltete 65-Watt-Gl\u00fchbirne. Ihr Stromeffizienzpotenzial liegt bei \u00fcber 90%!<\/p>\n<p>Dieses Beispiel ist nur eins von vielen: Ohne die sinnlosen Standby-L\u00e4mpchen in der Unterhaltungselektronik und im Haushalt k\u00f6nnte ein Atomkraftwerk von der Gr\u00f6sse M\u00fchlebergs abgeschaltet werden. Das Ersetzen von 170&#8217;000 Elektroheizungen spart ein weiteres AKW. Die technischen M\u00f6glichkeiten dazu sind bereits heute vorhanden.<\/p>\n<ul class=\"action-items\">\n<li><a title=\"Startet den Datei-Download\" href=\"https:\/\/www.greenpeace.ch\/wp-content\/uploads\/2017\/01\/GRE_07.pdf\" target=\"_self\" rel=\"noopener noreferrer\">Flyer \u00abEnergie-Wende: notwendig und machbar\u00bb (download 48 KB)<\/a><\/li>\n<li><a title=\"Startet den Datei-Download\" href=\"https:\/\/www.greenpeace.ch\/wp-content\/uploads\/2017\/01\/Energieperspektive_2050_Dt_kurz.pdf\" target=\"_self\" rel=\"noopener noreferrer\">Kurzfassung Studie: Energieperspektive 2050 (download 500 KB)<\/a><\/li>\n<li><a title=\"\u00d6ffnet einen externen Link in einem neuen Fenster\" href=\"http:\/\/www.drs.ch\/drsonline\/index.cfm?gbAction=r04Fulldisplay1&amp;ObjectID=748B1B8E-ED4D-47CD-9DBB54BF64CED419&amp;prg=NEWS\" target=\"_blank\" rel=\"noopener noreferrer\">DRS 2: \u00abWie wir die Energie-Wende schaffen\u00bb<\/a><\/li>\n<li><a title=\"\u00d6ffnet einen externen Link in einem neuen Fenster\" href=\"\/switzerland\/Templates\/Planet3\/Pages\/de\/presse\/pressemitteilungen\/atom\/atom-pressemitteilung-single-view\/article\/bundesrat-soll-mut-haben-zur-energie-wende\/?tx_ttnews%5BbackPid%5D=109&amp;cHash=70f190a10d\" target=\"_self\" rel=\"noopener noreferrer\">Pressemeldung<\/a><\/li>\n<\/ul>\n<\/div>\n","protected":false},"excerpt":{"rendered":"<p>Gr\u00fcner Teppich f\u00fcr Teilnehmer der Von-Wattenwyl-Gespr\u00e4che \u00a9 Bennet \/ Greenpeace Heute morgen haben Greenpeace-AktivistInnen f\u00fcr die TeilnehmerInnen der Von-Wattenwyl-Gespr\u00e4che den gr\u00fcnen Teppich ausgerollt. Die Umweltorganisation w\u00fcnscht dem Bundesrat sowie den&hellip;<\/p>\n","protected":false},"author":23,"featured_media":18737,"comment_status":"closed","ping_status":"open","sticky":false,"template":"","format":"standard","meta":{"_acf_changed":false,"_planet4_optimize_post_is_variant":false,"_planet4_optimize_experiment_name":"","_planet4_optimize_variant_name":"","ep_exclude_from_search":false,"p4_og_title":"","p4_og_description":"","p4_og_image":"","p4_og_image_id":"","p4_seo_canonical_url":"","p4_campaign_name":"","p4_local_project":"","p4_basket_name":"","p4_department":"","footnotes":""},"categories":[1],"tags":[],"p4-page-type":[75],"gpch-article-type":[],"class_list":["post-18735","post","type-post","status-publish","format-standard","has-post-thumbnail","hentry","category-unkategorisiert","p4-page-type-story"],"acf":[],"_links":{"self":[{"href":"https:\/\/www.greenpeace.ch\/de\/wp-json\/wp\/v2\/posts\/18735","targetHints":{"allow":["GET"]}}],"collection":[{"href":"https:\/\/www.greenpeace.ch\/de\/wp-json\/wp\/v2\/posts"}],"about":[{"href":"https:\/\/www.greenpeace.ch\/de\/wp-json\/wp\/v2\/types\/post"}],"author":[{"embeddable":true,"href":"https:\/\/www.greenpeace.ch\/de\/wp-json\/wp\/v2\/users\/23"}],"replies":[{"embeddable":true,"href":"https:\/\/www.greenpeace.ch\/de\/wp-json\/wp\/v2\/comments?post=18735"}],"version-history":[{"count":0,"href":"https:\/\/www.greenpeace.ch\/de\/wp-json\/wp\/v2\/posts\/18735\/revisions"}],"wp:featuredmedia":[{"embeddable":true,"href":"https:\/\/www.greenpeace.ch\/de\/wp-json\/wp\/v2\/media\/18737"}],"wp:attachment":[{"href":"https:\/\/www.greenpeace.ch\/de\/wp-json\/wp\/v2\/media?parent=18735"}],"wp:term":[{"taxonomy":"category","embeddable":true,"href":"https:\/\/www.greenpeace.ch\/de\/wp-json\/wp\/v2\/categories?post=18735"},{"taxonomy":"post_tag","embeddable":true,"href":"https:\/\/www.greenpeace.ch\/de\/wp-json\/wp\/v2\/tags?post=18735"},{"taxonomy":"p4-page-type","embeddable":true,"href":"https:\/\/www.greenpeace.ch\/de\/wp-json\/wp\/v2\/p4-page-type?post=18735"},{"taxonomy":"gpch-article-type","embeddable":true,"href":"https:\/\/www.greenpeace.ch\/de\/wp-json\/wp\/v2\/gpch-article-type?post=18735"}],"curies":[{"name":"wp","href":"https:\/\/api.w.org\/{rel}","templated":true}]}}