{"id":18743,"date":"2007-02-23T00:00:00","date_gmt":"2007-02-22T22:00:00","guid":{"rendered":"https:\/\/master.greenpeace.ch\/beitrag\/18743\/japanischer-walfaenger-wieder-unterwegs\/"},"modified":"2019-05-30T14:36:43","modified_gmt":"2019-05-30T12:36:43","slug":"japanischer-walfaenger-wieder-unterwegs","status":"publish","type":"post","link":"https:\/\/www.greenpeace.ch\/de\/story\/18743\/japanischer-walfaenger-wieder-unterwegs\/","title":{"rendered":"Japanischer Walf\u00e4nger wieder unterwegs"},"content":{"rendered":"<p><b>Neun Tage nach dem Brand an Bord des japanischen Walfangschiffes \u00abNisshin Maru\u00bb im antarktischen Walschutzgebiet hat sich die Walfangflotte auf den Weg Richtung Norden gemacht. Noch ist aber nicht klar, ob es zur\u00fcck nach Japan f\u00e4hrt oder sich zum Walfang r\u00fcstet. Am fr\u00fchen Samstag morgen konnte die Crew des Greenpeace-Schiffes \u00abEsperanza\u00bb beobachten, wie sich der Havarist langsam in Bewegung setzte. Die Crew der \u00abEsperanza\u00bb wird die Walf\u00e4nger im Auge behalten.<\/b><\/p>\n<div>\n<div class=\"events-box small-box left\">\n<div class=\"frame\">\n        <a class=\"open-img EnlargeImage\" href=\"https:\/\/www.greenpeace.ch\/static\/planet4-switzerland-stateless\/2019\/05\/b91daa3c-b91daa3c-pic34.jpg\" title=\"\"><br \/>\n            <img decoding=\"async\" id=\"ctl00_cphContentArea_Property3_ctl00_ctl01_Image1\" class=\"Thumbnail\" src=\"https:\/\/www.greenpeace.ch\/static\/planet4-switzerland-stateless\/2019\/05\/b91daa3c-b91daa3c-pic34.jpg\" alt=\"\" style=\"border-width:0px;\"><\/p>\n<p>        <\/a>\n    <\/div>\n<div class=\"events-content no-title\">\n        <span class=\"date\"><\/span><br \/>\n        <strong><\/strong><\/p>\n<p>\n            \u00a9 Greenpeace\n        <\/p>\n<\/p>\n<\/div>\n<\/div>\n<p class=\"bodytext\">Z\u00fcrich\/Antarktis. Die Regierung Neuseelands<br \/>\nhatte die Japaner seit einer Woche gedr\u00e4ngt, das Hilfsangebot von<br \/>\nGreenpeace anzunehmen und das Schiff so schnell wie m\u00f6glich aus der<br \/>\nsensiblen \u00d6kozone heraus schleppen zu lassen. Doch die japanischen<br \/>\nBeh\u00f6rden lehnten dies ab, obwohl keines ihrer Schiffe f\u00fcr die<br \/>\nantarktischen Gew\u00e4sser noch f\u00fcr Packeis ausger\u00fcstet ist.<\/p>\n<p class=\"bodytext\">Da der Sommer in der Antarktis zu Ende geht,<br \/>\nwird das Packeis immer dichter. Unter den herrschenden<br \/>\nWetterverh\u00e4ltnissen drohte die Gefahr, dass die Tanks des<br \/>\nWalf\u00e4ngers reissen und ihre mehr als 1000 Tonnen \u00d6l, Benzin und<br \/>\nChemikalien auslaufen k\u00f6nnten. Dadurch w\u00e4re unter anderem die<br \/>\ngr\u00f6sste Pinguin-Kolonie der Welt bedroht worden.<\/p>\n<ul class=\"action-items\">\n<li><a href=\"http:\/\/www.greenpeace.de\/themen\/meere\/kampagnen\/sos_weltmeer\/tour\/artikel\/zurueck_im_suedpolarmeer\/\" title=\"\u00d6ffnet einen externen Link in einem neuen Fenster\" target=\"gpd\" rel=\"noopener noreferrer\">Unterwegs gegen Walf\u00e4nger: Regine Frerichs berichtet<br \/>\nt\u00e4glich von der \u00abEsperanza\u00bb<\/a><\/li>\n<\/ul>\n<\/div>\n","protected":false},"excerpt":{"rendered":"<p>Neun Tage nach dem Brand an Bord des japanischen Walfangschiffes \u00abNisshin Maru\u00bb im antarktischen Walschutzgebiet hat sich die Walfangflotte auf den Weg Richtung Norden gemacht. Noch ist aber nicht klar,&hellip;<\/p>\n","protected":false},"author":23,"featured_media":18745,"comment_status":"closed","ping_status":"open","sticky":false,"template":"","format":"standard","meta":{"_acf_changed":false,"_planet4_optimize_post_is_variant":false,"_planet4_optimize_experiment_name":"","_planet4_optimize_variant_name":"","ep_exclude_from_search":false,"p4_og_title":"","p4_og_description":"","p4_og_image":"","p4_og_image_id":"","p4_seo_canonical_url":"","p4_campaign_name":"","p4_local_project":"","p4_basket_name":"","p4_department":"","footnotes":""},"categories":[1],"tags":[],"p4-page-type":[75],"gpch-article-type":[],"class_list":["post-18743","post","type-post","status-publish","format-standard","has-post-thumbnail","hentry","category-unkategorisiert","p4-page-type-story"],"acf":[],"_links":{"self":[{"href":"https:\/\/www.greenpeace.ch\/de\/wp-json\/wp\/v2\/posts\/18743","targetHints":{"allow":["GET"]}}],"collection":[{"href":"https:\/\/www.greenpeace.ch\/de\/wp-json\/wp\/v2\/posts"}],"about":[{"href":"https:\/\/www.greenpeace.ch\/de\/wp-json\/wp\/v2\/types\/post"}],"author":[{"embeddable":true,"href":"https:\/\/www.greenpeace.ch\/de\/wp-json\/wp\/v2\/users\/23"}],"replies":[{"embeddable":true,"href":"https:\/\/www.greenpeace.ch\/de\/wp-json\/wp\/v2\/comments?post=18743"}],"version-history":[{"count":0,"href":"https:\/\/www.greenpeace.ch\/de\/wp-json\/wp\/v2\/posts\/18743\/revisions"}],"wp:featuredmedia":[{"embeddable":true,"href":"https:\/\/www.greenpeace.ch\/de\/wp-json\/wp\/v2\/media\/18745"}],"wp:attachment":[{"href":"https:\/\/www.greenpeace.ch\/de\/wp-json\/wp\/v2\/media?parent=18743"}],"wp:term":[{"taxonomy":"category","embeddable":true,"href":"https:\/\/www.greenpeace.ch\/de\/wp-json\/wp\/v2\/categories?post=18743"},{"taxonomy":"post_tag","embeddable":true,"href":"https:\/\/www.greenpeace.ch\/de\/wp-json\/wp\/v2\/tags?post=18743"},{"taxonomy":"p4-page-type","embeddable":true,"href":"https:\/\/www.greenpeace.ch\/de\/wp-json\/wp\/v2\/p4-page-type?post=18743"},{"taxonomy":"gpch-article-type","embeddable":true,"href":"https:\/\/www.greenpeace.ch\/de\/wp-json\/wp\/v2\/gpch-article-type?post=18743"}],"curies":[{"name":"wp","href":"https:\/\/api.w.org\/{rel}","templated":true}]}}