{"id":18771,"date":"2007-01-23T00:00:00","date_gmt":"2007-01-22T22:00:00","guid":{"rendered":"https:\/\/master.greenpeace.ch\/beitrag\/18771\/axpo-zur-abkehr-von-akw-plaenen-aufgefordert-2\/"},"modified":"2022-03-31T12:37:26","modified_gmt":"2022-03-31T10:37:26","slug":"greenpeace-fordert-axpo-zu-massnahmen","status":"publish","type":"post","link":"https:\/\/www.greenpeace.ch\/de\/story\/18771\/greenpeace-fordert-axpo-zu-massnahmen\/","title":{"rendered":"Greenpeace fordert Axpo zu Massnahmen"},"content":{"rendered":"<div class=\"events-box small-box left\">\n<div class=\"events-content no-title\">\n<p><strong style=\"font-size: 1.125rem; color: initial; font-family: -apple-system, BlinkMacSystemFont, 'Segoe UI', Roboto, Oxygen-Sans, Ubuntu, Cantarell, 'Helvetica Neue', sans-serif; text-align: var(--bs-body-text-align);\">Damit den Axpo-Verantwortlichen endlich ein Licht aufgeht, haben Greenpeace-AktivistInnen sie heute morgen anl\u00e4sslich ihrer Bilanzmedienkonferenz mit einem Banner empfangen: \u00abAxpo: Stoppt die AKW-Planung! Reduce CO2 ohne Atom\u00bb steht darauf. Des weiteren bittet Greenpeace die Axpo-Bosse um ein Gespr\u00e4ch, um ihnen die Energieperspektiven der Umweltorganisationen darlegen zu k\u00f6nnen. Denn Energieeffizienz und erneuerbare Energietr\u00e4ger machen Grosskraftwerke unn\u00f6tig.<\/strong><\/p>\n<\/div>\n<\/div>\n<p class=\"bodytext\">Z\u00fcrich. Eine sichere, atomfreie und klimafreundliche Energieversorgung ist m\u00f6glich: Laut der Internationalen Energieagentur (IEA) erspart ein Dollar, der in Energieeffizienz investiert wird, 2,2 Dollar an Investitionen in Grosskraftwerke.<\/p>\n<p>Ausgerechnet PolitikerInnen von Parteien, die Klimaschutz-Bem\u00fchungen wie eine CO2-Abgabe auf Treibstoffen torpedieren, planen im Axpo-Verwaltungsrat mit dem Argument des Klimaschutzes neue AKW und Gaskraftwerke.<\/p>\n","protected":false},"excerpt":{"rendered":"<p>Greenpeace-Aktion zur Bilanzpressekonferenz des Konzerns \u00a9 Greenpeace Damit den Axpo-Verantwortlichen endlich ein Licht aufgeht, haben Greenpeace-AktivistInnen sie heute morgen anl\u00e4sslich ihrer Bilanzmedienkonferenz mit einem Banner empfangen: \u00abAxpo: Stoppt die AKW-Planung!&hellip;<\/p>\n","protected":false},"author":23,"featured_media":18773,"comment_status":"closed","ping_status":"open","sticky":false,"template":"","format":"standard","meta":{"_acf_changed":false,"_planet4_optimize_post_is_variant":false,"_planet4_optimize_experiment_name":"","_planet4_optimize_variant_name":"","ep_exclude_from_search":false,"p4_og_title":"","p4_og_description":"","p4_og_image":"","p4_og_image_id":"","p4_seo_canonical_url":"","p4_campaign_name":"not set","p4_local_project":"not set","p4_basket_name":"not set","p4_department":"","footnotes":""},"categories":[1],"tags":[],"p4-page-type":[75],"gpch-article-type":[],"class_list":["post-18771","post","type-post","status-publish","format-standard","has-post-thumbnail","hentry","category-unkategorisiert","p4-page-type-story"],"acf":[],"_links":{"self":[{"href":"https:\/\/www.greenpeace.ch\/de\/wp-json\/wp\/v2\/posts\/18771","targetHints":{"allow":["GET"]}}],"collection":[{"href":"https:\/\/www.greenpeace.ch\/de\/wp-json\/wp\/v2\/posts"}],"about":[{"href":"https:\/\/www.greenpeace.ch\/de\/wp-json\/wp\/v2\/types\/post"}],"author":[{"embeddable":true,"href":"https:\/\/www.greenpeace.ch\/de\/wp-json\/wp\/v2\/users\/23"}],"replies":[{"embeddable":true,"href":"https:\/\/www.greenpeace.ch\/de\/wp-json\/wp\/v2\/comments?post=18771"}],"version-history":[{"count":0,"href":"https:\/\/www.greenpeace.ch\/de\/wp-json\/wp\/v2\/posts\/18771\/revisions"}],"wp:featuredmedia":[{"embeddable":true,"href":"https:\/\/www.greenpeace.ch\/de\/wp-json\/wp\/v2\/media\/18773"}],"wp:attachment":[{"href":"https:\/\/www.greenpeace.ch\/de\/wp-json\/wp\/v2\/media?parent=18771"}],"wp:term":[{"taxonomy":"category","embeddable":true,"href":"https:\/\/www.greenpeace.ch\/de\/wp-json\/wp\/v2\/categories?post=18771"},{"taxonomy":"post_tag","embeddable":true,"href":"https:\/\/www.greenpeace.ch\/de\/wp-json\/wp\/v2\/tags?post=18771"},{"taxonomy":"p4-page-type","embeddable":true,"href":"https:\/\/www.greenpeace.ch\/de\/wp-json\/wp\/v2\/p4-page-type?post=18771"},{"taxonomy":"gpch-article-type","embeddable":true,"href":"https:\/\/www.greenpeace.ch\/de\/wp-json\/wp\/v2\/gpch-article-type?post=18771"}],"curies":[{"name":"wp","href":"https:\/\/api.w.org\/{rel}","templated":true}]}}