{"id":18775,"date":"2007-01-23T00:00:00","date_gmt":"2007-01-22T22:00:00","guid":{"rendered":"https:\/\/master.greenpeace.ch\/beitrag\/18775\/so-geraet-die-schweizer-umweltforschung-ins-abseits\/"},"modified":"2019-05-30T14:37:29","modified_gmt":"2019-05-30T12:37:29","slug":"so-geraet-die-schweizer-umweltforschung-ins-abseits","status":"publish","type":"post","link":"https:\/\/www.greenpeace.ch\/de\/story\/18775\/so-geraet-die-schweizer-umweltforschung-ins-abseits\/","title":{"rendered":"So ger\u00e4t die Schweizer Umweltforschung ins Abseits"},"content":{"rendered":"<p><b>Der WWF, Greenpeace und Pro Natura beanstanden den geplanten Abbau bei der Umweltforschung und fordern pro Jahr zus\u00e4tzlich 1 Prozent bzw. 140 Mio. Fr. Investitionen f\u00fcr Bildung und Forschung zugunsten einer 2000-Watt-Gesellschaft. In der BFI-Botschaft des Bundesrates fehlt eine verbindliche Nachhaltigkeitsstrategie.<\/b><\/p>\n<div>\n<div class=\"events-box small-box left\">\n<div class=\"frame\">\n        <a class=\"open-img EnlargeImage\" href=\"https:\/\/www.greenpeace.ch\/static\/planet4-switzerland-stateless\/2019\/05\/648e4101-648e4101-pic48.jpg\" title=\"\"><br \/>\n            <img decoding=\"async\" id=\"ctl00_cphContentArea_Property3_ctl00_ctl02_Image1\" class=\"Thumbnail\" src=\"https:\/\/www.greenpeace.ch\/static\/planet4-switzerland-stateless\/2019\/05\/648e4101-648e4101-pic48.jpg\" alt=\"\" style=\"border-width:0px;\"><\/p>\n<p>        <\/a>\n    <\/div>\n<div class=\"events-content no-title\">\n        <span class=\"date\"><\/span><br \/>\n        <strong><\/strong><\/p>\n<p>\n            \u00a9 Greenpeace\n        <\/p>\n<\/p>\n<\/div>\n<\/div>\n<p class=\"bodytext\">Bern\/Z\u00fcrich. Erst vor einer Woche erhielt der Bundesrat f\u00fcr die Umsetzung seiner Nachhaltigkeits-Strategie ungen\u00fcgende Noten. In der heute ver\u00f6ffentlichten Botschaft \u00fcber die \u00abF\u00f6rderung von Bildung, Forschung und Innovation 2008-2011\u00bb geht die Landesregierung nochmals einen Schritt zur\u00fcck in Richtung Abbau ihrer Nachhaltigkeits-Strategie.<\/p>\n<p>Die Umweltverb\u00e4nde beanstanden, dass in der vorliegenden Botschaft die geplanten Forschungsmittel vorab in den Bereichen Umwelt, Energie, nachhaltiger Verkehr und Raumplanung gegen\u00fcber dem letzten Budget um 36 Prozent, von 316 Mio. auf 202 Mio. Franken, reduziert werden.<\/p>\n<ul class=\"action-items\">\n<li><a title=\"\u00d6ffnet einen externen Link in einem neuen Fenster\" href=\"http:\/\/www.wwf.ch\/de\/newsundservice\/news\/medien\/index.cfm?uNewsID=969\" target=\"wwf\" rel=\"noopener noreferrer\">Zur Pressemeldung auf wwf.ch<\/a><\/li>\n<\/ul>\n<\/div>\n","protected":false},"excerpt":{"rendered":"<p>Der WWF, Greenpeace und Pro Natura beanstanden den geplanten Abbau bei der Umweltforschung und fordern pro Jahr zus\u00e4tzlich 1 Prozent bzw. 140 Mio. Fr. Investitionen f\u00fcr Bildung und Forschung zugunsten&hellip;<\/p>\n","protected":false},"author":23,"featured_media":18777,"comment_status":"closed","ping_status":"open","sticky":false,"template":"","format":"standard","meta":{"_acf_changed":false,"_planet4_optimize_post_is_variant":false,"_planet4_optimize_experiment_name":"","_planet4_optimize_variant_name":"","ep_exclude_from_search":false,"p4_og_title":"","p4_og_description":"","p4_og_image":"","p4_og_image_id":"","p4_seo_canonical_url":"","p4_campaign_name":"","p4_local_project":"","p4_basket_name":"","p4_department":"","footnotes":""},"categories":[1],"tags":[],"p4-page-type":[75],"gpch-article-type":[],"class_list":["post-18775","post","type-post","status-publish","format-standard","has-post-thumbnail","hentry","category-unkategorisiert","p4-page-type-story"],"acf":[],"_links":{"self":[{"href":"https:\/\/www.greenpeace.ch\/de\/wp-json\/wp\/v2\/posts\/18775","targetHints":{"allow":["GET"]}}],"collection":[{"href":"https:\/\/www.greenpeace.ch\/de\/wp-json\/wp\/v2\/posts"}],"about":[{"href":"https:\/\/www.greenpeace.ch\/de\/wp-json\/wp\/v2\/types\/post"}],"author":[{"embeddable":true,"href":"https:\/\/www.greenpeace.ch\/de\/wp-json\/wp\/v2\/users\/23"}],"replies":[{"embeddable":true,"href":"https:\/\/www.greenpeace.ch\/de\/wp-json\/wp\/v2\/comments?post=18775"}],"version-history":[{"count":0,"href":"https:\/\/www.greenpeace.ch\/de\/wp-json\/wp\/v2\/posts\/18775\/revisions"}],"wp:featuredmedia":[{"embeddable":true,"href":"https:\/\/www.greenpeace.ch\/de\/wp-json\/wp\/v2\/media\/18777"}],"wp:attachment":[{"href":"https:\/\/www.greenpeace.ch\/de\/wp-json\/wp\/v2\/media?parent=18775"}],"wp:term":[{"taxonomy":"category","embeddable":true,"href":"https:\/\/www.greenpeace.ch\/de\/wp-json\/wp\/v2\/categories?post=18775"},{"taxonomy":"post_tag","embeddable":true,"href":"https:\/\/www.greenpeace.ch\/de\/wp-json\/wp\/v2\/tags?post=18775"},{"taxonomy":"p4-page-type","embeddable":true,"href":"https:\/\/www.greenpeace.ch\/de\/wp-json\/wp\/v2\/p4-page-type?post=18775"},{"taxonomy":"gpch-article-type","embeddable":true,"href":"https:\/\/www.greenpeace.ch\/de\/wp-json\/wp\/v2\/gpch-article-type?post=18775"}],"curies":[{"name":"wp","href":"https:\/\/api.w.org\/{rel}","templated":true}]}}