{"id":18783,"date":"2007-01-28T00:00:00","date_gmt":"2007-01-27T22:00:00","guid":{"rendered":"https:\/\/master.greenpeace.ch\/beitrag\/18783\/esperanza-bringt-den-walen-im-suedpolarmeer-hoffnung\/"},"modified":"2019-05-30T14:37:41","modified_gmt":"2019-05-30T12:37:41","slug":"esperanza-bringt-den-walen-im-suedpolarmeer-hoffnung","status":"publish","type":"post","link":"https:\/\/www.greenpeace.ch\/de\/story\/18783\/esperanza-bringt-den-walen-im-suedpolarmeer-hoffnung\/","title":{"rendered":"Esperanza bringt den Walen im S\u00fcdpolarmeer Hoffnung"},"content":{"rendered":"<p><b>Am fr\u00fchen Freitagmorgen (Ortszeit) ist das gr\u00f6sste Greenpeace-Schiff, die Esperanza, von Auckland\/Neuseeland aus in See gestochen. Sein Ziel ist das S\u00fcdpolarmeer. In diesem Walschutzgebiet treibt gerade eine japanische Walfangflotte ihr Unwesen. Diesem unrechtm\u00e4ssigen Treiben in den kommenden Wochen ein Ende zu setzen, hat sich die internationale Crew der Esperanza auf die Fahnen geschrieben. Mit dabei: die deutsche Aktivistin und Schlauchbootfahrerin Regine Frerichs.<\/b><\/p>\n<div>\n<div class=\"events-box small-box left\">\n<div class=\"frame\">\n        <a class=\"open-img EnlargeImage\" href=\"https:\/\/www.greenpeace.ch\/static\/planet4-switzerland-stateless\/2019\/05\/22b3ccef-22b3ccef-pic45.jpg\" title=\"\"><br \/>\n            <img decoding=\"async\" id=\"ctl00_cphContentArea_Property3_ctl00_ctl01_Image1\" class=\"Thumbnail\" src=\"https:\/\/www.greenpeace.ch\/static\/planet4-switzerland-stateless\/2019\/05\/22b3ccef-22b3ccef-pic45.jpg\" alt=\"\" style=\"border-width:0px;\"><\/p>\n<p>        <\/a>\n    <\/div>\n<div class=\"events-content no-title\">\n        <span class=\"date\"><\/span><br \/>\n        <strong><\/strong><\/p>\n<p>\n            \u00a9 Daniel Beltra \/ Greenpeace\n        <\/p>\n<\/p>\n<\/div>\n<\/div>\n<p class=\"bodytext\">Z\u00fcrich\/Hamburg. Zun\u00e4chst werden die Aktivisten<br \/>\nan Bord der Esperanza auf die Suche gehen: Wo steckt die japanische<br \/>\nWalfangflotte? Sobald sie geortet wurde, werden die<br \/>\nGreenpeace-Crewmitglieder alles daran setzen, so vielen Walen wie<br \/>\nm\u00f6glich das Leben zu retten.<\/p>\n<p>Dabei wird auch die Hamburger Aktivistin Regine Frerichs eine<br \/>\nwichtige Rolle spielen. Sie wird mit dem Schlauchboot zwischen<br \/>\nHarpune und Wal fahren, um das Leben des friedlichen Meeress\u00e4ugers<br \/>\nzu sch\u00fctzen. Die 46-J\u00e4hrige kann aber nicht nur Schlauchboot<br \/>\nfahren, sondern ist auch Forschungstaucherin. Sie hat also eine<br \/>\nenge Beziehung zu dem nassen Element.<\/p>\n<ul class=\"action-items\">\n<li><a href=\"http:\/\/www.greenpeace.de\/themen\/meere\/nachrichten\/artikel\/esperanza_bringt_den_walen_im_suedpolarmeer_hoffnung\/\" title=\"\u00d6ffnet einen externen Link in einem neuen Fenster\" target=\"gpde\" rel=\"noopener noreferrer\">Weiterlesen auf greenpeace.de<\/a><\/li>\n<li><a href=\"http:\/\/oceans.greenpeace.org\/de\/werden-sie-ocean-defender\/\" title=\"\u00d6ffnet einen externen Link in einem neuen Fenster\" target=\"_blank\" class=\"external-link-new-window\" rel=\"noopener noreferrer\">Werde Sie<br \/>\nMeeressch\u00fctzer!<\/a><\/li>\n<li><a href=\"http:\/\/www.greenpeace.de\/themen\/meere\/kampagnen\/sos_weltmeer\/tour\/artikel\/zurueck_im_suedpolarmeer\/\" title=\"\u00d6ffnet einen externen Link in einem neuen Fenster\" target=\"gpde\" rel=\"noopener noreferrer\">Tagebuch der Schlauchbootfahrerin Regine<br \/>\nFrerichs<\/a><\/li>\n<li><a href=\"http:\/\/oceans.greenpeace.org\/en\/photo-audio-video\/ocean-defenders-tv\" title=\"\u00d6ffnet einen externen Link in einem neuen Fenster\" target=\"gpi\" rel=\"noopener noreferrer\">Meeressch\u00fctzer TV: Esperanza leaving Auckland<\/a><a href=\"http:\/\/www.greenpeace.de\/themen\/meere\/nachrichten\/artikel\/esperanza_bringt_den_walen_im_suedpolarmeer_hoffnung\/\" target=\"gpde\" class=\"normal\" rel=\"noopener noreferrer\"><\/a><\/li>\n<\/ul>\n<\/div>\n","protected":false},"excerpt":{"rendered":"<p>Am fr\u00fchen Freitagmorgen (Ortszeit) ist das gr\u00f6sste Greenpeace-Schiff, die Esperanza, von Auckland\/Neuseeland aus in See gestochen. Sein Ziel ist das S\u00fcdpolarmeer. In diesem Walschutzgebiet treibt gerade eine japanische Walfangflotte ihr&hellip;<\/p>\n","protected":false},"author":23,"featured_media":18785,"comment_status":"closed","ping_status":"open","sticky":false,"template":"","format":"standard","meta":{"_acf_changed":false,"_planet4_optimize_post_is_variant":false,"_planet4_optimize_experiment_name":"","_planet4_optimize_variant_name":"","ep_exclude_from_search":false,"p4_og_title":"","p4_og_description":"","p4_og_image":"","p4_og_image_id":"","p4_seo_canonical_url":"","p4_campaign_name":"","p4_local_project":"","p4_basket_name":"","p4_department":"","footnotes":""},"categories":[1],"tags":[],"p4-page-type":[75],"gpch-article-type":[],"class_list":["post-18783","post","type-post","status-publish","format-standard","has-post-thumbnail","hentry","category-unkategorisiert","p4-page-type-story"],"acf":[],"_links":{"self":[{"href":"https:\/\/www.greenpeace.ch\/de\/wp-json\/wp\/v2\/posts\/18783","targetHints":{"allow":["GET"]}}],"collection":[{"href":"https:\/\/www.greenpeace.ch\/de\/wp-json\/wp\/v2\/posts"}],"about":[{"href":"https:\/\/www.greenpeace.ch\/de\/wp-json\/wp\/v2\/types\/post"}],"author":[{"embeddable":true,"href":"https:\/\/www.greenpeace.ch\/de\/wp-json\/wp\/v2\/users\/23"}],"replies":[{"embeddable":true,"href":"https:\/\/www.greenpeace.ch\/de\/wp-json\/wp\/v2\/comments?post=18783"}],"version-history":[{"count":0,"href":"https:\/\/www.greenpeace.ch\/de\/wp-json\/wp\/v2\/posts\/18783\/revisions"}],"wp:featuredmedia":[{"embeddable":true,"href":"https:\/\/www.greenpeace.ch\/de\/wp-json\/wp\/v2\/media\/18785"}],"wp:attachment":[{"href":"https:\/\/www.greenpeace.ch\/de\/wp-json\/wp\/v2\/media?parent=18783"}],"wp:term":[{"taxonomy":"category","embeddable":true,"href":"https:\/\/www.greenpeace.ch\/de\/wp-json\/wp\/v2\/categories?post=18783"},{"taxonomy":"post_tag","embeddable":true,"href":"https:\/\/www.greenpeace.ch\/de\/wp-json\/wp\/v2\/tags?post=18783"},{"taxonomy":"p4-page-type","embeddable":true,"href":"https:\/\/www.greenpeace.ch\/de\/wp-json\/wp\/v2\/p4-page-type?post=18783"},{"taxonomy":"gpch-article-type","embeddable":true,"href":"https:\/\/www.greenpeace.ch\/de\/wp-json\/wp\/v2\/gpch-article-type?post=18783"}],"curies":[{"name":"wp","href":"https:\/\/api.w.org\/{rel}","templated":true}]}}