{"id":18787,"date":"2007-01-10T00:00:00","date_gmt":"2007-01-09T22:00:00","guid":{"rendered":"https:\/\/master.greenpeace.ch\/beitrag\/18787\/stoppen-sie-den-japanischen-walfang-herr-abe\/"},"modified":"2019-05-30T14:37:46","modified_gmt":"2019-05-30T12:37:46","slug":"stoppen-sie-den-japanischen-walfang-herr-abe","status":"publish","type":"post","link":"https:\/\/www.greenpeace.ch\/de\/story\/18787\/stoppen-sie-den-japanischen-walfang-herr-abe\/","title":{"rendered":"Stoppen Sie den japanischen Walfang, Herr Abe!"},"content":{"rendered":"<p><b>Greenpeace-AktivistInnen haben am Mittwoch den japanischen Ministerpr\u00e4sidenten Shinzo Abe in Berlin empfangen. Sie begr\u00fcssten ihn vor dem Bundeskanzleramt mit Protestbannern in drei Sprachen: Wir lieben Japan, aber stoppt den Walfang im Schutzgebiet \u2013 auf Japanisch, Englisch und Deutsch. Die japanischen Walf\u00e4nger sind auf dem Weg ins antarktische Walschutzgebiet. Sie wollen dort bis M\u00e4rz fast 1000 Wale t\u00f6ten.<\/b><\/p>\n<div>\n<div class=\"events-box small-box left\">\n<div class=\"frame\">\n        <a class=\"open-img EnlargeImage\" href=\"https:\/\/www.greenpeace.ch\/static\/planet4-switzerland-stateless\/2019\/05\/7750a608-7750a608-pic53.jpg\" title=\"\"><br \/>\n            <img decoding=\"async\" id=\"ctl00_cphContentArea_Property3_ctl00_ctl01_Image1\" class=\"Thumbnail\" src=\"https:\/\/www.greenpeace.ch\/static\/planet4-switzerland-stateless\/2019\/05\/7750a608-7750a608-pic53.jpg\" alt=\"\" style=\"border-width:0px;\"><\/p>\n<p>        <\/a>\n    <\/div>\n<div class=\"events-content no-title\">\n        <span class=\"date\"><\/span><br \/>\n        <strong><\/strong><\/p>\n<p>\n            \u00a9 Paul Langrock \/ Greenpeace\n        <\/p>\n<\/p>\n<\/div>\n<\/div>\n<p class=\"bodytext\">Berlin\/Z\u00fcrich. \u00abDie Schlachterei im<br \/>\nWalschutzgebiet muss sofort aufh\u00f6ren\u00bb, sagt<br \/>\nGreenpeace-Meeresbiologin Stefanie Werner. \u00abBundeskanzlerin Merkel<br \/>\nsollte den japanischen Ministerpr\u00e4sidenten Abe unmissverst\u00e4ndlich<br \/>\nauffordern, das international g\u00fcltige Walfangverbot endlich<br \/>\nanzuerkennen.\u00bb<\/p>\n<p>Die japanische Regierung ignoriert das von der Internationalen<br \/>\nWalfangkommission 1982 beschlossene Walfangverbot. Zudem l\u00e4sst sie<br \/>\nauch im S\u00fcdpolarmeer jagen, das 1994 zum Schutzgebiet f\u00fcr Wale<br \/>\nerkl\u00e4rt wurde. Die Walpopulationen sollen sich dort erholen<br \/>\nk\u00f6nnen.<\/p>\n<ul class=\"action-items\">\n<li><a href=\"http:\/\/www.greenpeace.de\/themen\/meere\/nachrichten\/artikel\/stoppen_sie_den_japanischen_walfang_herr_abe\/\" title=\"\u00d6ffnet einen externen Link in einem neuen Fenster\" target=\"gpde\" rel=\"noopener noreferrer\">Mehr zur Aktion in Berlin (greenpeace.de)<\/a><\/li>\n<li><a href=\"http:\/\/whales.greenpeace.org\/at\" title=\"\u00d6ffnet einen externen Link in einem neuen Fenster\" target=\"igo\" rel=\"noopener noreferrer\">I GO &#8211; Verteidige die Wale<\/a><\/li>\n<li><a href=\"http:\/\/www.sosweltmeer.org\/\" title=\"\u00d6ffnet einen externen Link in einem neuen Fenster\" target=\"sos\" rel=\"noopener noreferrer\">SOS Weltmeer<\/a><\/li>\n<\/ul>\n<\/div>\n","protected":false},"excerpt":{"rendered":"<p>Greenpeace-AktivistInnen haben am Mittwoch den japanischen Ministerpr\u00e4sidenten Shinzo Abe in Berlin empfangen. Sie begr\u00fcssten ihn vor dem Bundeskanzleramt mit Protestbannern in drei Sprachen: Wir lieben Japan, aber stoppt den Walfang&hellip;<\/p>\n","protected":false},"author":23,"featured_media":18789,"comment_status":"closed","ping_status":"open","sticky":false,"template":"","format":"standard","meta":{"_acf_changed":false,"_planet4_optimize_post_is_variant":false,"_planet4_optimize_experiment_name":"","_planet4_optimize_variant_name":"","ep_exclude_from_search":false,"p4_og_title":"","p4_og_description":"","p4_og_image":"","p4_og_image_id":"","p4_seo_canonical_url":"","p4_campaign_name":"","p4_local_project":"","p4_basket_name":"","p4_department":"","footnotes":""},"categories":[1],"tags":[],"p4-page-type":[75],"gpch-article-type":[],"class_list":["post-18787","post","type-post","status-publish","format-standard","has-post-thumbnail","hentry","category-unkategorisiert","p4-page-type-story"],"acf":[],"_links":{"self":[{"href":"https:\/\/www.greenpeace.ch\/de\/wp-json\/wp\/v2\/posts\/18787","targetHints":{"allow":["GET"]}}],"collection":[{"href":"https:\/\/www.greenpeace.ch\/de\/wp-json\/wp\/v2\/posts"}],"about":[{"href":"https:\/\/www.greenpeace.ch\/de\/wp-json\/wp\/v2\/types\/post"}],"author":[{"embeddable":true,"href":"https:\/\/www.greenpeace.ch\/de\/wp-json\/wp\/v2\/users\/23"}],"replies":[{"embeddable":true,"href":"https:\/\/www.greenpeace.ch\/de\/wp-json\/wp\/v2\/comments?post=18787"}],"version-history":[{"count":0,"href":"https:\/\/www.greenpeace.ch\/de\/wp-json\/wp\/v2\/posts\/18787\/revisions"}],"wp:featuredmedia":[{"embeddable":true,"href":"https:\/\/www.greenpeace.ch\/de\/wp-json\/wp\/v2\/media\/18789"}],"wp:attachment":[{"href":"https:\/\/www.greenpeace.ch\/de\/wp-json\/wp\/v2\/media?parent=18787"}],"wp:term":[{"taxonomy":"category","embeddable":true,"href":"https:\/\/www.greenpeace.ch\/de\/wp-json\/wp\/v2\/categories?post=18787"},{"taxonomy":"post_tag","embeddable":true,"href":"https:\/\/www.greenpeace.ch\/de\/wp-json\/wp\/v2\/tags?post=18787"},{"taxonomy":"p4-page-type","embeddable":true,"href":"https:\/\/www.greenpeace.ch\/de\/wp-json\/wp\/v2\/p4-page-type?post=18787"},{"taxonomy":"gpch-article-type","embeddable":true,"href":"https:\/\/www.greenpeace.ch\/de\/wp-json\/wp\/v2\/gpch-article-type?post=18787"}],"curies":[{"name":"wp","href":"https:\/\/api.w.org\/{rel}","templated":true}]}}