{"id":18799,"date":"2007-01-21T00:00:00","date_gmt":"2007-01-20T22:00:00","guid":{"rendered":"https:\/\/master.greenpeace.ch\/beitrag\/18799\/welthandel-hat-verheerende-auswirkungen-auf-fischbestaende\/"},"modified":"2019-05-30T14:38:02","modified_gmt":"2019-05-30T12:38:02","slug":"welthandel-hat-verheerende-auswirkungen-auf-fischbestaende","status":"publish","type":"post","link":"https:\/\/www.greenpeace.ch\/de\/story\/18799\/welthandel-hat-verheerende-auswirkungen-auf-fischbestaende\/","title":{"rendered":"Welthandel hat verheerende Auswirkungen auf Fischbest\u00e4nde"},"content":{"rendered":"<p><b>Greenpeace hat am Freitag anl\u00e4sslich des World Social Forums in Nairobi, einige Tage vor dem World Economic Forum in Davos, eine Studie zu den Auswirkungen der fortschreitenden Handelsliberalisierung auf unsere Weltmeere ver\u00f6ffentlicht.<\/b><\/p>\n<div>\n<div class=\"events-box small-box left\">\n<div class=\"frame\">\n        <a class=\"open-img EnlargeImage\" href=\"https:\/\/www.greenpeace.ch\/static\/planet4-switzerland-stateless\/2019\/05\/30e261fe-30e261fe-pic51.jpg\" title=\"\"><br \/>\n            <img decoding=\"async\" id=\"ctl00_cphContentArea_Property3_ctl00_ctl01_Image1\" class=\"Thumbnail\" src=\"https:\/\/www.greenpeace.ch\/static\/planet4-switzerland-stateless\/2019\/05\/30e261fe-30e261fe-pic51.jpg\" alt=\"\" style=\"border-width:0px;\"><\/p>\n<p>        <\/a>\n    <\/div>\n<div class=\"events-content no-title\">\n        <span class=\"date\"><\/span><br \/>\n        <strong><\/strong><\/p>\n<p>\n            \u00a9 Roger Grace \/ Greenpeace\n        <\/p>\n<\/p>\n<\/div>\n<\/div>\n<p class=\"bodytext\">Z\u00fcrich\/Nairobi. Unter Verwendung aktuellster<br \/>\nDaten von OECD, EU und UNO kommt Greenpeace dabei zu einem<br \/>\nerschreckenden Ergebnis: Eine weitere Liberalisierung des<br \/>\nWelthandels wird die ohnehin bereits schwer beeintr\u00e4chtigten<br \/>\nFischbest\u00e4nde zerst\u00f6ren sowie Armut und Hunger in<br \/>\nEntwicklungsl\u00e4ndern verst\u00e4rken &#8211; ein \u00f6kologisches und soziales<br \/>\nDesaster ersten Ranges.<\/p>\n<p>Der Abbau von Z\u00f6llen und Handelsbeschr\u00e4nkungen f\u00fchrt zu einem<br \/>\nVerfall der Preise und einer steigenden Nachfrage nach Fisch.<br \/>\nLetztendlich wird deutlich mehr Fisch gefangen werden, als<br \/>\nnachwachsen kann. Das Ergebnis ist die Ausrottung vieler Arten und<br \/>\nder Zusammenbruch der Fischereiwirtschaft.<\/p>\n<ul class=\"action-items\">\n<li><a href=\"http:\/\/oceans.greenpeace.org\/raw\/content\/de\/dokumente-reporte\/welthandel-contra-weltmeere.pdf\" title=\"\u00d6ffnet einen externen Link in einem neuen Fenster\" target=\"_blank\" rel=\"noopener noreferrer\">Studie \u00abWelthandel contra Weltmeere\u00bb (download 470<br \/>\nKB)<\/a><\/li>\n<li><a href=\"http:\/\/www.sosweltmeer.org\/\" title=\"\u00d6ffnet einen externen Link in einem neuen Fenster\" target=\"sos\" rel=\"noopener noreferrer\">Werden Sie Meeressch\u00fctzer!<\/a><\/li>\n<li><a href=\"http:\/\/oceans.greenpeace.org\/de\/die-expedition\/news\/welthandel-hat-verheerende-aus\" title=\"\u00d6ffnet einen externen Link in einem neuen Fenster\" target=\"sos\" rel=\"noopener noreferrer\">Mehr zum Thema<\/a><\/li>\n<\/ul>\n<\/div>\n","protected":false},"excerpt":{"rendered":"<p>Greenpeace hat am Freitag anl\u00e4sslich des World Social Forums in Nairobi, einige Tage vor dem World Economic Forum in Davos, eine Studie zu den Auswirkungen der fortschreitenden Handelsliberalisierung auf unsere&hellip;<\/p>\n","protected":false},"author":23,"featured_media":18801,"comment_status":"closed","ping_status":"open","sticky":false,"template":"","format":"standard","meta":{"_acf_changed":false,"_planet4_optimize_post_is_variant":false,"_planet4_optimize_experiment_name":"","_planet4_optimize_variant_name":"","ep_exclude_from_search":false,"p4_og_title":"","p4_og_description":"","p4_og_image":"","p4_og_image_id":"","p4_seo_canonical_url":"","p4_campaign_name":"","p4_local_project":"","p4_basket_name":"","p4_department":"","footnotes":""},"categories":[1],"tags":[],"p4-page-type":[75],"gpch-article-type":[],"class_list":["post-18799","post","type-post","status-publish","format-standard","has-post-thumbnail","hentry","category-unkategorisiert","p4-page-type-story"],"acf":[],"_links":{"self":[{"href":"https:\/\/www.greenpeace.ch\/de\/wp-json\/wp\/v2\/posts\/18799","targetHints":{"allow":["GET"]}}],"collection":[{"href":"https:\/\/www.greenpeace.ch\/de\/wp-json\/wp\/v2\/posts"}],"about":[{"href":"https:\/\/www.greenpeace.ch\/de\/wp-json\/wp\/v2\/types\/post"}],"author":[{"embeddable":true,"href":"https:\/\/www.greenpeace.ch\/de\/wp-json\/wp\/v2\/users\/23"}],"replies":[{"embeddable":true,"href":"https:\/\/www.greenpeace.ch\/de\/wp-json\/wp\/v2\/comments?post=18799"}],"version-history":[{"count":0,"href":"https:\/\/www.greenpeace.ch\/de\/wp-json\/wp\/v2\/posts\/18799\/revisions"}],"wp:featuredmedia":[{"embeddable":true,"href":"https:\/\/www.greenpeace.ch\/de\/wp-json\/wp\/v2\/media\/18801"}],"wp:attachment":[{"href":"https:\/\/www.greenpeace.ch\/de\/wp-json\/wp\/v2\/media?parent=18799"}],"wp:term":[{"taxonomy":"category","embeddable":true,"href":"https:\/\/www.greenpeace.ch\/de\/wp-json\/wp\/v2\/categories?post=18799"},{"taxonomy":"post_tag","embeddable":true,"href":"https:\/\/www.greenpeace.ch\/de\/wp-json\/wp\/v2\/tags?post=18799"},{"taxonomy":"p4-page-type","embeddable":true,"href":"https:\/\/www.greenpeace.ch\/de\/wp-json\/wp\/v2\/p4-page-type?post=18799"},{"taxonomy":"gpch-article-type","embeddable":true,"href":"https:\/\/www.greenpeace.ch\/de\/wp-json\/wp\/v2\/gpch-article-type?post=18799"}],"curies":[{"name":"wp","href":"https:\/\/api.w.org\/{rel}","templated":true}]}}