{"id":18803,"date":"2007-01-16T00:00:00","date_gmt":"2007-01-15T22:00:00","guid":{"rendered":"https:\/\/master.greenpeace.ch\/beitrag\/18803\/wie-gruen-wird-das-iphone\/"},"modified":"2019-05-30T14:38:09","modified_gmt":"2019-05-30T12:38:09","slug":"wie-gruen-wird-das-iphone","status":"publish","type":"post","link":"https:\/\/www.greenpeace.ch\/de\/story\/18803\/wie-gruen-wird-das-iphone\/","title":{"rendered":"Wie gr\u00fcn wird das iPhone?"},"content":{"rendered":"<p><b>Seit letzter Woche ist die Welt informiert: Der Elektronikproduzent mit dem Apfellogo wird nach Computer (Mac) und MP3-Player (iPod) nun auch das Handy iPhone auf den Markt bringen. F\u00fcr Greenpeace ein Grund ganz genau hinzuschauen. Denn im j\u00fcngsten Greenpeace-Ranking f\u00fcr gr\u00fcne, also umweltfreundliche Elektronik rangiert Apple auf dem letzten Platz. Wird sich das beim Handy mit angebissenem Apfel \u00e4ndern?<\/b><\/p>\n<div>\n<div class=\"events-box small-box left\">\n<div class=\"frame\">\n        <a class=\"open-img EnlargeImage\" href=\"https:\/\/www.greenpeace.ch\/static\/planet4-switzerland-stateless\/2019\/05\/0b4bdae8-0b4bdae8-pic52.jpg\" title=\"\"><br \/>\n            <img decoding=\"async\" id=\"ctl00_cphContentArea_Property3_ctl00_ctl02_Image1\" class=\"Thumbnail\" src=\"https:\/\/www.greenpeace.ch\/static\/planet4-switzerland-stateless\/2019\/05\/0b4bdae8-0b4bdae8-pic52.jpg\" alt=\"\" style=\"border-width:0px;\"><\/p>\n<p>        <\/a>\n    <\/div>\n<div class=\"events-content no-title\">\n        <span class=\"date\"><\/span><br \/>\n        <strong><\/strong><\/p>\n<p>\n            \u00a9 Behring \/ Greenpeace\n        <\/p>\n<\/p>\n<\/div>\n<\/div>\n<p class=\"bodytext\">Z\u00fcrich\/Hamburg. Der Greenpeace-Chemieexperte Martin Hojsik war auf der weltgr\u00f6ssten Mac-Messe in San Fransisco. Dort erlebte er die Vorstellung des iPhones durch den Apple-Mitgr\u00fcnder und -Gesch\u00e4ftsf\u00fchrer Steve Jobs mit. \u00abLeider konnte man das Ger\u00e4t anschliesend nicht in die Hand nehmen\u00bb, sagt Hojsik. \u00abEs waren lediglich Ger\u00e4te in Vitrinen ausgestellt zum Anschauen\u00bb.<\/p>\n<ul class=\"action-items\">\n<li><a class=\"external-link-new-window\" title=\"\u00d6ffnet einen externen Link in einem neuen Fenster\" href=\"http:\/\/www.greenpeace.de\/themen\/chemie\/nachrichten\/artikel\/gruene_elektronik_hersteller_reagieren_auf_rangliste\/\" target=\"_blank\" rel=\"noopener noreferrer\">Gr\u00fcne Elektronik &#8211; Hersteller reagieren auf Rangliste<\/a><\/li>\n<li><a title=\"\u00d6ffnet einen externen Link in einem neuen Fenster\" href=\"http:\/\/www.greenpeace.de\/themen\/chemie\/nachrichten\/artikel\/wie_gruen_wird_das_iphone\/\" target=\"_blank\" rel=\"noopener noreferrer\">Mehr zu Apple und den anderen Computer-Herstellern (greenpeace.de)<\/a><\/li>\n<li><a title=\"\u00d6ffnet einen externen Link in einem neuen Fenster\" href=\"http:\/\/www.greenmyapple.org\/\" target=\"gma\" rel=\"noopener noreferrer\">Mitmachen: Green my Apple!<\/a><\/li>\n<li><a title=\"\u00d6ffnet einen externen Link in einem neuen Fenster\" href=\"http:\/\/www.greenpeace.de\/themen\/chemie\/nachrichten\/artikel\/wie_gruen_wird_das_iphone\/\" target=\"gpd\" rel=\"noopener noreferrer\">mehr zum Thema<\/a><\/li>\n<\/ul>\n<\/div>\n","protected":false},"excerpt":{"rendered":"<p>Seit letzter Woche ist die Welt informiert: Der Elektronikproduzent mit dem Apfellogo wird nach Computer (Mac) und MP3-Player (iPod) nun auch das Handy iPhone auf den Markt bringen. F\u00fcr Greenpeace&hellip;<\/p>\n","protected":false},"author":23,"featured_media":18805,"comment_status":"closed","ping_status":"open","sticky":false,"template":"","format":"standard","meta":{"_acf_changed":false,"_planet4_optimize_post_is_variant":false,"_planet4_optimize_experiment_name":"","_planet4_optimize_variant_name":"","ep_exclude_from_search":false,"p4_og_title":"","p4_og_description":"","p4_og_image":"","p4_og_image_id":"","p4_seo_canonical_url":"","p4_campaign_name":"","p4_local_project":"","p4_basket_name":"","p4_department":"","footnotes":""},"categories":[1],"tags":[],"p4-page-type":[75],"gpch-article-type":[],"class_list":["post-18803","post","type-post","status-publish","format-standard","has-post-thumbnail","hentry","category-unkategorisiert","p4-page-type-story"],"acf":[],"_links":{"self":[{"href":"https:\/\/www.greenpeace.ch\/de\/wp-json\/wp\/v2\/posts\/18803","targetHints":{"allow":["GET"]}}],"collection":[{"href":"https:\/\/www.greenpeace.ch\/de\/wp-json\/wp\/v2\/posts"}],"about":[{"href":"https:\/\/www.greenpeace.ch\/de\/wp-json\/wp\/v2\/types\/post"}],"author":[{"embeddable":true,"href":"https:\/\/www.greenpeace.ch\/de\/wp-json\/wp\/v2\/users\/23"}],"replies":[{"embeddable":true,"href":"https:\/\/www.greenpeace.ch\/de\/wp-json\/wp\/v2\/comments?post=18803"}],"version-history":[{"count":0,"href":"https:\/\/www.greenpeace.ch\/de\/wp-json\/wp\/v2\/posts\/18803\/revisions"}],"wp:featuredmedia":[{"embeddable":true,"href":"https:\/\/www.greenpeace.ch\/de\/wp-json\/wp\/v2\/media\/18805"}],"wp:attachment":[{"href":"https:\/\/www.greenpeace.ch\/de\/wp-json\/wp\/v2\/media?parent=18803"}],"wp:term":[{"taxonomy":"category","embeddable":true,"href":"https:\/\/www.greenpeace.ch\/de\/wp-json\/wp\/v2\/categories?post=18803"},{"taxonomy":"post_tag","embeddable":true,"href":"https:\/\/www.greenpeace.ch\/de\/wp-json\/wp\/v2\/tags?post=18803"},{"taxonomy":"p4-page-type","embeddable":true,"href":"https:\/\/www.greenpeace.ch\/de\/wp-json\/wp\/v2\/p4-page-type?post=18803"},{"taxonomy":"gpch-article-type","embeddable":true,"href":"https:\/\/www.greenpeace.ch\/de\/wp-json\/wp\/v2\/gpch-article-type?post=18803"}],"curies":[{"name":"wp","href":"https:\/\/api.w.org\/{rel}","templated":true}]}}