{"id":18831,"date":"2006-12-06T00:00:00","date_gmt":"2006-12-05T22:00:00","guid":{"rendered":"https:\/\/master.greenpeace.ch\/beitrag\/18831\/gruene-elektronik-hersteller-reagieren-auf-rangliste\/"},"modified":"2019-05-30T14:38:48","modified_gmt":"2019-05-30T12:38:48","slug":"gruene-elektronik-hersteller-reagieren-auf-rangliste","status":"publish","type":"post","link":"https:\/\/www.greenpeace.ch\/de\/story\/18831\/gruene-elektronik-hersteller-reagieren-auf-rangliste\/","title":{"rendered":"Gr\u00fcne Elektronik: Hersteller reagieren auf Rangliste"},"content":{"rendered":"<p><b>Elektroartikel werden demn\u00e4chst wohl umweltfreundlicher, wie der neue Greenpeace-Ratgeber f\u00fcr saubere Elektronik verr\u00e4t. Am Mittwoch haben wir die neuen Testergebnisse ver\u00f6ffentlicht, die zeigen, welche der grossen Elektrohersteller bereit sind, sich f\u00fcr den Schutz der Umwelt zu engagieren. Als Sieger des Wettbewerbs geht Nokia hervor. Apple hingegen beweist Ignoranz und verweigert jegliche Verbesserung seiner Umweltschutzmassnahmen und bildet somit das Schlusslicht unserer Rangliste.<\/b><\/p>\n<div>\n<div class=\"events-box small-box left\">\n<div class=\"frame\">\n        <a class=\"open-img EnlargeImage\" href=\"https:\/\/www.greenpeace.ch\/static\/planet4-switzerland-stateless\/2019\/05\/d54d3774-d54d3774-pic62.jpg\" title=\"\"><br \/>\n            <img decoding=\"async\" id=\"ctl00_cphContentArea_Property3_ctl00_ctl02_Image1\" class=\"Thumbnail\" src=\"https:\/\/www.greenpeace.ch\/static\/planet4-switzerland-stateless\/2019\/05\/d54d3774-d54d3774-pic62.jpg\" alt=\"\" style=\"border-width:0px;\"><\/p>\n<p>        <\/a>\n    <\/div>\n<div class=\"events-content no-title\">\n        <span class=\"date\"><\/span><br \/>\n        <strong><\/strong><\/p>\n<p>\n            \u00a9 Behring \/ Greenpeace\n        <\/p>\n<\/p>\n<\/div>\n<\/div>\n<p class=\"bodytext\">Z\u00fcrich\/Hamburg. Ziel der Rangliste ist es, die Unternehmen dazu zu bewegen ihre Anstrengungen f\u00fcr den Umweltschutz zu vergr\u00f6ssern. Dazu gab es im August erste Tests, bei denen die \u00f6kologischen Richtlinien verschiedener Unternehmen erstmalig miteinander verglichen und bewertet wurden. Eine zweite Testreihe f\u00fcr Anfang Dezember wurde angek\u00fcndigt. Und siehe da, die Drohung zeigte Wirkung. F\u00fcnf der 14 Hersteller versch\u00e4rften ihre Umweltschutzmassnahmen.<\/p>\n<p>Getestet wurde unter anderem das Entsorgungsverfahren, die Wiederverwertbarkeit oder die Verwendung giftiger Chemikalien. In einem einfachen Bewertungsystem kann die Umweltfreundlichkeit aller 14 getesteten Unternehmen abgelesen werden.<\/p>\n<p>\u00abDas Schlusslicht im Ranking ist Apple. Apple hat keinerlei Fortschritt vorzuweisen, seit wir vor drei Monaten erstmalig Unternehmen bez\u00fcglich der Umweltfreundlichkeit seiner Produkte unter die Lupe nahmen\u00bb, sagt Iza Kruszewska, Chemie-Expertin bei Greenpeace. \u00abObwohl Apple weltweit in Fragen des Design und der Innovation f\u00fchrend ist, versagt das Unternehmen kl\u00e4glich, wenn es hei\u00dft Einsatz f\u00fcr die Umwelt zu zeigen.\u00bb<\/p>\n<ul class=\"action-items\">\n<li><a class=\"normal\" href=\"http:\/\/www.greenpeace.de\/themen\/chemie\/nachrichten\/artikel\/gruene_elektronik_hersteller_reagieren_auf_rangliste\/\" target=\"gpde\" rel=\"noopener noreferrer\">Mehr zur Rangliste (greenpeace.de)<\/a><\/li>\n<li><a class=\"normal\" href=\"http:\/\/www.greenpeace.org\/international\/campaigns\/toxics\/electronics\/copy-of-how-the-companies-line\" target=\"gpi\" rel=\"noopener noreferrer\">Detailierte Informationen und Reporte (Engl, greenpeace.org)<\/a><\/li>\n<li><a class=\"normal\" href=\"http:\/\/www.greenmyapple.com\/\" target=\"gma\" rel=\"noopener noreferrer\">Green my Apple (Engl.)<\/a><\/li>\n<\/ul>\n<\/div>\n","protected":false},"excerpt":{"rendered":"<p>Elektroartikel werden demn\u00e4chst wohl umweltfreundlicher, wie der neue Greenpeace-Ratgeber f\u00fcr saubere Elektronik verr\u00e4t. Am Mittwoch haben wir die neuen Testergebnisse ver\u00f6ffentlicht, die zeigen, welche der grossen Elektrohersteller bereit sind, sich&hellip;<\/p>\n","protected":false},"author":23,"featured_media":18833,"comment_status":"closed","ping_status":"open","sticky":false,"template":"","format":"standard","meta":{"_acf_changed":false,"_planet4_optimize_post_is_variant":false,"_planet4_optimize_experiment_name":"","_planet4_optimize_variant_name":"","ep_exclude_from_search":false,"p4_og_title":"","p4_og_description":"","p4_og_image":"","p4_og_image_id":"","p4_seo_canonical_url":"","p4_campaign_name":"","p4_local_project":"","p4_basket_name":"","p4_department":"","footnotes":""},"categories":[1],"tags":[],"p4-page-type":[75],"gpch-article-type":[],"class_list":["post-18831","post","type-post","status-publish","format-standard","has-post-thumbnail","hentry","category-unkategorisiert","p4-page-type-story"],"acf":[],"_links":{"self":[{"href":"https:\/\/www.greenpeace.ch\/de\/wp-json\/wp\/v2\/posts\/18831","targetHints":{"allow":["GET"]}}],"collection":[{"href":"https:\/\/www.greenpeace.ch\/de\/wp-json\/wp\/v2\/posts"}],"about":[{"href":"https:\/\/www.greenpeace.ch\/de\/wp-json\/wp\/v2\/types\/post"}],"author":[{"embeddable":true,"href":"https:\/\/www.greenpeace.ch\/de\/wp-json\/wp\/v2\/users\/23"}],"replies":[{"embeddable":true,"href":"https:\/\/www.greenpeace.ch\/de\/wp-json\/wp\/v2\/comments?post=18831"}],"version-history":[{"count":0,"href":"https:\/\/www.greenpeace.ch\/de\/wp-json\/wp\/v2\/posts\/18831\/revisions"}],"wp:featuredmedia":[{"embeddable":true,"href":"https:\/\/www.greenpeace.ch\/de\/wp-json\/wp\/v2\/media\/18833"}],"wp:attachment":[{"href":"https:\/\/www.greenpeace.ch\/de\/wp-json\/wp\/v2\/media?parent=18831"}],"wp:term":[{"taxonomy":"category","embeddable":true,"href":"https:\/\/www.greenpeace.ch\/de\/wp-json\/wp\/v2\/categories?post=18831"},{"taxonomy":"post_tag","embeddable":true,"href":"https:\/\/www.greenpeace.ch\/de\/wp-json\/wp\/v2\/tags?post=18831"},{"taxonomy":"p4-page-type","embeddable":true,"href":"https:\/\/www.greenpeace.ch\/de\/wp-json\/wp\/v2\/p4-page-type?post=18831"},{"taxonomy":"gpch-article-type","embeddable":true,"href":"https:\/\/www.greenpeace.ch\/de\/wp-json\/wp\/v2\/gpch-article-type?post=18831"}],"curies":[{"name":"wp","href":"https:\/\/api.w.org\/{rel}","templated":true}]}}