{"id":18836,"date":"2006-12-03T00:00:00","date_gmt":"2006-12-02T22:00:00","guid":{"rendered":"https:\/\/master.greenpeace.ch\/beitrag\/18836\/norwegen-will-1052-wale-toeten\/"},"modified":"2019-05-30T14:38:53","modified_gmt":"2019-05-30T12:38:53","slug":"norwegen-will-1052-wale-toeten","status":"publish","type":"post","link":"https:\/\/www.greenpeace.ch\/de\/story\/18836\/norwegen-will-1052-wale-toeten\/","title":{"rendered":"Norwegen will 1052 Wale t\u00f6ten"},"content":{"rendered":"<p><b>Das norwegische Fischereiministerium gab am sp\u00e4ten Freitagnachmittag die Walfangquote f\u00fcr 2007 bekannt. Die Norweger zeigen sich unbelehrbar, wie im letzten Jahr sollen 1052 Wale sterben. Dabei mussten die norwegischen Walf\u00e4nger die diesj\u00e4hrige Fangsaison abbrechen und hatten wie so oft in den letzten Jahren ihre Fangquote nicht erreicht.<\/b><\/p>\n<div>\n<div class=\"events-box small-box left\">\n<div class=\"frame\">\n        <a class=\"open-img EnlargeImage\" href=\"https:\/\/www.greenpeace.ch\/static\/planet4-switzerland-stateless\/2019\/05\/08d0a69c-08d0a69c-pic64.jpg\" title=\"\"><br \/>\n            <img decoding=\"async\" id=\"ctl00_cphContentArea_Property3_ctl00_ctl01_Image1\" class=\"Thumbnail\" src=\"https:\/\/www.greenpeace.ch\/static\/planet4-switzerland-stateless\/2019\/05\/08d0a69c-08d0a69c-pic64.jpg\" alt=\"\" style=\"border-width:0px;\"><\/p>\n<p>        <\/a>\n    <\/div>\n<div class=\"events-content no-title\">\n        <span class=\"date\"><\/span><br \/>\n        <strong><\/strong><\/p>\n<p>\n            \u00a9 Greenpeace\n        <\/p>\n<\/p>\n<\/div>\n<\/div>\n<p class=\"bodytext\">Z\u00fcrich\/Oslo. Dennoch haben die norwegischen<br \/>\nJ\u00e4ger in diesem Jahr 546 Zwergwale erlegt &#8211; nach Regierungsangaben<br \/>\netwa die H\u00e4lfte der festgesetzten Fangquote. In der norwegischen<br \/>\nPresse wurde die geringe Ausnutzung der Quote damit begr\u00fcndet, dass<br \/>\ndie Qualit\u00e4t des Walfleisches schlecht, die Nachfrage gering und<br \/>\ndie Jagd wegen hoher Treibstoffkosten und geringer Erl\u00f6se zu teuer<br \/>\nsei. Zudem habe schlechtes Wetter die Saison erschwert.<\/p>\n<p class=\"bodytext\">\u00abEs ist eine Sache, dass Norwegen Jahr f\u00fcr Jahr<br \/>\nQuoten in H\u00f6hen ausweist, die die geringe Nachfrage des heimischen<br \/>\nMarktes schon lange nicht mehr rechtfertigt,\u00bb sagt Stefanie Werner,<br \/>\nWale-Expertin bei Greenpeace. \u00abJetzt setzt sich Norwegen zudem \u00fcber<br \/>\ndie Bestimmung der IWC hinweg, dass die F\u00e4nge \u00fcber die gesamte<br \/>\n200-Seemeilenzone homogen verteilt werden m\u00fcssen, um den Genfluss<br \/>\nder Zwergwale nicht zu gef\u00e4hrden.\u00bb<\/p>\n<ul class=\"action-items\">\n<li><a href=\"http:\/\/www.greenpeace.de\/themen\/meere\/nachrichten\/artikel\/norwegen_will_1052_wale_toeten\/\" target=\"gpd\" class=\"normal\" rel=\"noopener noreferrer\">Die Entscheidung der norwegischen<br \/>\nRegierung ist ein fataler politischer Akt<\/a><\/li>\n<li><a href=\"http:\/\/oceans.greenpeace.org\/de\/werden-sie-ocean-defender\" target=\"gpi\" class=\"normal\" rel=\"noopener noreferrer\">Werde ein Meeressch\u00fctzer!<\/a><\/li>\n<li><a href=\"http:\/\/www.greenpeace.de\/themen\/meere\/walfang_iwc\/artikel\/58_jahrestagung_der_internationalen_walfangkommission_iwc\/\" target=\"gpd\" class=\"normal\" rel=\"noopener noreferrer\">58. Jahrestagung der Internationalen<br \/>\nWalfangkommission IWC<\/a><\/li>\n<\/ul>\n<\/div>\n","protected":false},"excerpt":{"rendered":"<p>Das norwegische Fischereiministerium gab am sp\u00e4ten Freitagnachmittag die Walfangquote f\u00fcr 2007 bekannt. Die Norweger zeigen sich unbelehrbar, wie im letzten Jahr sollen 1052 Wale sterben. Dabei mussten die norwegischen Walf\u00e4nger&hellip;<\/p>\n","protected":false},"author":23,"featured_media":18838,"comment_status":"closed","ping_status":"open","sticky":false,"template":"","format":"standard","meta":{"_acf_changed":false,"_planet4_optimize_post_is_variant":false,"_planet4_optimize_experiment_name":"","_planet4_optimize_variant_name":"","ep_exclude_from_search":false,"p4_og_title":"","p4_og_description":"","p4_og_image":"","p4_og_image_id":"","p4_seo_canonical_url":"","p4_campaign_name":"","p4_local_project":"","p4_basket_name":"","p4_department":"","footnotes":""},"categories":[1],"tags":[],"p4-page-type":[75],"gpch-article-type":[],"class_list":["post-18836","post","type-post","status-publish","format-standard","has-post-thumbnail","hentry","category-unkategorisiert","p4-page-type-story"],"acf":[],"_links":{"self":[{"href":"https:\/\/www.greenpeace.ch\/de\/wp-json\/wp\/v2\/posts\/18836","targetHints":{"allow":["GET"]}}],"collection":[{"href":"https:\/\/www.greenpeace.ch\/de\/wp-json\/wp\/v2\/posts"}],"about":[{"href":"https:\/\/www.greenpeace.ch\/de\/wp-json\/wp\/v2\/types\/post"}],"author":[{"embeddable":true,"href":"https:\/\/www.greenpeace.ch\/de\/wp-json\/wp\/v2\/users\/23"}],"replies":[{"embeddable":true,"href":"https:\/\/www.greenpeace.ch\/de\/wp-json\/wp\/v2\/comments?post=18836"}],"version-history":[{"count":0,"href":"https:\/\/www.greenpeace.ch\/de\/wp-json\/wp\/v2\/posts\/18836\/revisions"}],"wp:featuredmedia":[{"embeddable":true,"href":"https:\/\/www.greenpeace.ch\/de\/wp-json\/wp\/v2\/media\/18838"}],"wp:attachment":[{"href":"https:\/\/www.greenpeace.ch\/de\/wp-json\/wp\/v2\/media?parent=18836"}],"wp:term":[{"taxonomy":"category","embeddable":true,"href":"https:\/\/www.greenpeace.ch\/de\/wp-json\/wp\/v2\/categories?post=18836"},{"taxonomy":"post_tag","embeddable":true,"href":"https:\/\/www.greenpeace.ch\/de\/wp-json\/wp\/v2\/tags?post=18836"},{"taxonomy":"p4-page-type","embeddable":true,"href":"https:\/\/www.greenpeace.ch\/de\/wp-json\/wp\/v2\/p4-page-type?post=18836"},{"taxonomy":"gpch-article-type","embeddable":true,"href":"https:\/\/www.greenpeace.ch\/de\/wp-json\/wp\/v2\/gpch-article-type?post=18836"}],"curies":[{"name":"wp","href":"https:\/\/api.w.org\/{rel}","templated":true}]}}