{"id":18865,"date":"2006-11-22T00:00:00","date_gmt":"2006-11-21T22:00:00","guid":{"rendered":"https:\/\/master.greenpeace.ch\/beitrag\/18865\/verhinderungstaktik-beenden-vorwaerts-mit-klimaschutz-2\/"},"modified":"2019-05-30T14:39:33","modified_gmt":"2019-05-30T12:39:33","slug":"verhinderungstaktik-beenden-vorwaerts-mit-klimaschutz-2","status":"publish","type":"post","link":"https:\/\/www.greenpeace.ch\/de\/story\/18865\/verhinderungstaktik-beenden-vorwaerts-mit-klimaschutz-2\/","title":{"rendered":"Verhinderungstaktik beenden \u2013 vorw\u00e4rts mit Klimaschutz!"},"content":{"rendered":"<p><b>Die Allianz f\u00fcr eine verantwortungsvolle Klimapolitik zur CO2-Abgabe auf Brennstoffen in der UREK-S am 23. November 2006<\/b><\/p>\n<div>\n<div class=\"events-box small-box left\">\n<div class=\"frame\">\n        <a class=\"open-img EnlargeImage\" href=\"https:\/\/www.greenpeace.ch\/static\/planet4-switzerland-stateless\/2019\/05\/d58b5227-d58b5227-pic67.jpg\" title=\"\"><br \/>\n            <img decoding=\"async\" id=\"ctl00_cphContentArea_Property3_ctl00_ctl02_Image1\" class=\"Thumbnail\" src=\"https:\/\/www.greenpeace.ch\/static\/planet4-switzerland-stateless\/2019\/05\/d58b5227-d58b5227-pic67.jpg\" alt=\"\" style=\"border-width:0px;\"><\/p>\n<p>        <\/a>\n    <\/div>\n<div class=\"events-content no-title\">\n        <span class=\"date\"><\/span><br \/>\n        <strong><\/strong><\/p>\n<p>\n            \u00a9 Grasser \/ Greenpeace\n        <\/p>\n<\/p>\n<\/div>\n<\/div>\n<p class=\"bodytext\"><strong>Die Umweltkommission des St\u00e4nderates hat es an ihrer morgigen Sitzung zur CO2-Abgabe auf Brennstoffen in der Hand, den Klimaschutz endlich voranzutreiben und der Tr\u00f6delei der R\u00e4te ein Ende zu bereiten. Die Verhandlungen an der letzten Weltklimakonferenz und der Report des Weltbank-\u00d6konomen Stern zeigen unmissverst\u00e4ndlich die Dringlichkeit schnellen Handelns auf. Die Klima-Allianz ruft den St\u00e4nderat auf, die CO2-Lenkungsabgabe auf Heiz\u00f6l, Erdgas und Kohle nun endlich einzuf\u00fchren.<\/strong><\/p>\n<p class=\"bodytext\">Z\u00fcrich\/Bern. An der Klimakonferenz in Nairobi hat sich Bundespr\u00e4sident Leuenberger mit dem Vorschlag einer weltweiten CO2-Steuer klar positioniert. Dieser l\u00f6bliche Vorschlag ist aber nur dann glaubw\u00fcrdig, wenn die Schweiz ihre Hausaufgaben erledigt und wie zahlreiche L\u00e4nder vor ihr die CO2-Abgabe einf\u00fchrt. Der CO2-Ausstoss muss drastisch reduziert werden. Das wichtigste und wirtschaftsvertr\u00e4glichste Mittel ist die CO2-Abgabe. Selbst das aktuelle Energiepapier der wirtschaftsfreundlichen FDP h\u00e4lt fest: \u00abAufkommensneutrale Lenkungsabgaben sind nicht mit Steuern vergleichbar. Lenkungsabgaben, welche das Ziel haben, eine Verhaltens\u00e4nderung herbeizuf\u00fchren [&#8230;] sind in gewissen Situationen angemessene Instrumente.\u00bb<\/p>\n<p>Das Klima \u00e4ndert sich dramatisch schnell, die Zeit dr\u00e4ngt. Das Alpenland Schweiz ist vom Klimawandel besonders betroffen und geh\u00f6rt zu den gr\u00f6ssten Pro-Kopf-Treibhausgas-Emittenten der Welt. Die Schweiz hat das Kyoto-Protokoll zwar unterschrieben und ratifiziert. Sie ist aber auf direktem Weg, ihre Ziele zu verfehlen. Seit Einf\u00fchrung des CO2-Gesetzes gehen weder ihre Emissionen zur\u00fcck, noch hat sie geeignete Massnahmen zur CO2-Reduktion getroffen. Die Zeit f\u00fcr wirksame Massnahmen ist \u00fcberf\u00e4llig: Die Lenkungsabgabe auf CO2 ist das Mittel der Wahl!<\/p>\n<ul class=\"action-items\">\n<li><a class=\"normal\" href=\"http:\/\/info.greenpeace.ch\/de\/klima\/pressreleases\/pr221106klimaalianz\" target=\"_blank\" rel=\"noopener noreferrer\">Medienmitteilung der Allianz f\u00fcr eine verantwortungsvolle Klimapolitik<\/a><\/li>\n<li><a class=\"normal\" href=\"http:\/\/info.greenpeace.ch\/de\/klima\" target=\"_blank\" rel=\"noopener noreferrer\">Greenpeace Klima Kampagne<\/a><\/li>\n<\/ul>\n<\/div>\n","protected":false},"excerpt":{"rendered":"<p>Die Allianz f\u00fcr eine verantwortungsvolle Klimapolitik zur CO2-Abgabe auf Brennstoffen in der UREK-S am 23. November 2006 \u00a9 Grasser \/ Greenpeace Die Umweltkommission des St\u00e4nderates hat es an ihrer morgigen&hellip;<\/p>\n","protected":false},"author":23,"featured_media":18867,"comment_status":"closed","ping_status":"open","sticky":false,"template":"","format":"standard","meta":{"_acf_changed":false,"_planet4_optimize_post_is_variant":false,"_planet4_optimize_experiment_name":"","_planet4_optimize_variant_name":"","ep_exclude_from_search":false,"p4_og_title":"","p4_og_description":"","p4_og_image":"","p4_og_image_id":"","p4_seo_canonical_url":"","p4_campaign_name":"","p4_local_project":"","p4_basket_name":"","p4_department":"","footnotes":""},"categories":[1],"tags":[],"p4-page-type":[75],"gpch-article-type":[],"class_list":["post-18865","post","type-post","status-publish","format-standard","has-post-thumbnail","hentry","category-unkategorisiert","p4-page-type-story"],"acf":[],"_links":{"self":[{"href":"https:\/\/www.greenpeace.ch\/de\/wp-json\/wp\/v2\/posts\/18865","targetHints":{"allow":["GET"]}}],"collection":[{"href":"https:\/\/www.greenpeace.ch\/de\/wp-json\/wp\/v2\/posts"}],"about":[{"href":"https:\/\/www.greenpeace.ch\/de\/wp-json\/wp\/v2\/types\/post"}],"author":[{"embeddable":true,"href":"https:\/\/www.greenpeace.ch\/de\/wp-json\/wp\/v2\/users\/23"}],"replies":[{"embeddable":true,"href":"https:\/\/www.greenpeace.ch\/de\/wp-json\/wp\/v2\/comments?post=18865"}],"version-history":[{"count":0,"href":"https:\/\/www.greenpeace.ch\/de\/wp-json\/wp\/v2\/posts\/18865\/revisions"}],"wp:featuredmedia":[{"embeddable":true,"href":"https:\/\/www.greenpeace.ch\/de\/wp-json\/wp\/v2\/media\/18867"}],"wp:attachment":[{"href":"https:\/\/www.greenpeace.ch\/de\/wp-json\/wp\/v2\/media?parent=18865"}],"wp:term":[{"taxonomy":"category","embeddable":true,"href":"https:\/\/www.greenpeace.ch\/de\/wp-json\/wp\/v2\/categories?post=18865"},{"taxonomy":"post_tag","embeddable":true,"href":"https:\/\/www.greenpeace.ch\/de\/wp-json\/wp\/v2\/tags?post=18865"},{"taxonomy":"p4-page-type","embeddable":true,"href":"https:\/\/www.greenpeace.ch\/de\/wp-json\/wp\/v2\/p4-page-type?post=18865"},{"taxonomy":"gpch-article-type","embeddable":true,"href":"https:\/\/www.greenpeace.ch\/de\/wp-json\/wp\/v2\/gpch-article-type?post=18865"}],"curies":[{"name":"wp","href":"https:\/\/api.w.org\/{rel}","templated":true}]}}