{"id":18881,"date":"2006-11-14T00:00:00","date_gmt":"2006-11-13T22:00:00","guid":{"rendered":"https:\/\/master.greenpeace.ch\/beitrag\/18881\/weltweite-co2-steuer-risiken-und-nebenwirkungen-2\/"},"modified":"2019-05-30T14:39:55","modified_gmt":"2019-05-30T12:39:55","slug":"weltweite-co2-steuer-risiken-und-nebenwirkungen-2","status":"publish","type":"post","link":"https:\/\/www.greenpeace.ch\/de\/story\/18881\/weltweite-co2-steuer-risiken-und-nebenwirkungen-2\/","title":{"rendered":"Weltweite CO2-Steuer: Risiken und Nebenwirkungen"},"content":{"rendered":"<p><b>Schweiz soll Klimaverhandlungen in Nairobi voranbringen<\/b><\/p>\n<div>\n<div class=\"events-box small-box left\">\n<div class=\"frame\">\n        <a class=\"open-img EnlargeImage\" href=\"https:\/\/www.greenpeace.ch\/static\/planet4-switzerland-stateless\/2019\/05\/6d0ecb28-6d0ecb28-pic72.jpg\" title=\"\"><br \/>\n            <img decoding=\"async\" id=\"ctl00_cphContentArea_Property3_ctl00_ctl02_Image1\" class=\"Thumbnail\" src=\"https:\/\/www.greenpeace.ch\/static\/planet4-switzerland-stateless\/2019\/05\/6d0ecb28-6d0ecb28-pic72.jpg\" alt=\"\" style=\"border-width:0px;\"><\/p>\n<p>        <\/a>\n    <\/div>\n<div class=\"events-content no-title\">\n        <span class=\"date\"><\/span><br \/>\n        <strong><\/strong><\/p>\n<p>\n            \u00a9 Adair \/ Greenpeace\n        <\/p>\n<\/p>\n<\/div>\n<\/div>\n<p class=\"bodytext\"><strong>Heute hat sich Bundespr\u00e4sident Moritz Leuenberger an der Weltklimakonferenz in Nairobi f\u00fcr eine weltweite CO2-Steuer ausgesprochen. Diese Initiative ist begr\u00fcssenswert. Deren Diskussion darf jedoch nicht dazu f\u00fchren, die dringend anstehenden Entscheide weiter zu verschleppen.<\/strong><\/p>\n<p class=\"bodytext\">Z\u00fcrich\/Nairobi. Mit seinem Vorschlag einer weltweiten CO2-Steuer positioniert Bundespr\u00e4sident Leuenberger die Schweiz wieder als Zugpferd in internationalen Verhandlungen. Eine h\u00f6chst erfreuliche Initiative, deren Grund\u00fcberlegung zielf\u00fchrend ist und dem Verursacherprinzip gehorcht: Wer verschmutzt, bezahlt. Doch der wohlgemeinte Vorschlag birgt eine Gefahr: Die in Nairobi verhandelnde Weltgemeinschaft k\u00f6nnte sich so auf eine neue Idee st\u00fcrzen, sie tausendmal drehen und wenden und dabei noch mehr Zeit verplempern, statt endlich schnelle und drastische Reduktionen sowie Hilfeleistungen an die besonders betroffenen L\u00e4nder des S\u00fcdens zu beschliessen.<\/p>\n<p>Der gross gedachte Vorschlag steht im Kontrast zur Situation in der Schweiz: Im besonders vom Klimawandel betroffenen Land, das an sechster Stelle steht bez\u00fcglich der Pro-Kopf-Treibhausgasemissionen, steckt eine l\u00e4cherlich tiefe CO2-Abgabe auf Brennstoffen immer noch in der Warteschlaufe. Ob daraus etwas wird, zeigt sich in der n\u00e4chsten Session. Und bei den Treibstoffen l\u00f6st der Gesamtbundesrat mit dem Klimarappen das Problem nur auf dem Papier und l\u00e4sst die Verkehrsemissionen &#8211; den Schweizer Klimakiller Nummer 1 &#8211; ungebremst weiter wachsen.<\/p>\n<ul class=\"action-items\">\n<li><a class=\"normal\" href=\"http:\/\/www.jugendsolarprojekt.ch\/Klimakonferenz_in_Nairobi.144.0.html\" target=\"_blank\" rel=\"noopener noreferrer\">Die Solar Generation an der Weltklimakonferenz (jugendsolarprojekt.ch)<\/a><\/li>\n<\/ul>\n<\/div>\n","protected":false},"excerpt":{"rendered":"<p>Schweiz soll Klimaverhandlungen in Nairobi voranbringen \u00a9 Adair \/ Greenpeace Heute hat sich Bundespr\u00e4sident Moritz Leuenberger an der Weltklimakonferenz in Nairobi f\u00fcr eine weltweite CO2-Steuer ausgesprochen. Diese Initiative ist begr\u00fcssenswert.&hellip;<\/p>\n","protected":false},"author":23,"featured_media":18883,"comment_status":"closed","ping_status":"open","sticky":false,"template":"","format":"standard","meta":{"_acf_changed":false,"_planet4_optimize_post_is_variant":false,"_planet4_optimize_experiment_name":"","_planet4_optimize_variant_name":"","ep_exclude_from_search":false,"p4_og_title":"","p4_og_description":"","p4_og_image":"","p4_og_image_id":"","p4_seo_canonical_url":"","p4_campaign_name":"","p4_local_project":"","p4_basket_name":"","p4_department":"","footnotes":""},"categories":[1],"tags":[],"p4-page-type":[75],"gpch-article-type":[],"class_list":["post-18881","post","type-post","status-publish","format-standard","has-post-thumbnail","hentry","category-unkategorisiert","p4-page-type-story"],"acf":[],"_links":{"self":[{"href":"https:\/\/www.greenpeace.ch\/de\/wp-json\/wp\/v2\/posts\/18881","targetHints":{"allow":["GET"]}}],"collection":[{"href":"https:\/\/www.greenpeace.ch\/de\/wp-json\/wp\/v2\/posts"}],"about":[{"href":"https:\/\/www.greenpeace.ch\/de\/wp-json\/wp\/v2\/types\/post"}],"author":[{"embeddable":true,"href":"https:\/\/www.greenpeace.ch\/de\/wp-json\/wp\/v2\/users\/23"}],"replies":[{"embeddable":true,"href":"https:\/\/www.greenpeace.ch\/de\/wp-json\/wp\/v2\/comments?post=18881"}],"version-history":[{"count":0,"href":"https:\/\/www.greenpeace.ch\/de\/wp-json\/wp\/v2\/posts\/18881\/revisions"}],"wp:featuredmedia":[{"embeddable":true,"href":"https:\/\/www.greenpeace.ch\/de\/wp-json\/wp\/v2\/media\/18883"}],"wp:attachment":[{"href":"https:\/\/www.greenpeace.ch\/de\/wp-json\/wp\/v2\/media?parent=18881"}],"wp:term":[{"taxonomy":"category","embeddable":true,"href":"https:\/\/www.greenpeace.ch\/de\/wp-json\/wp\/v2\/categories?post=18881"},{"taxonomy":"post_tag","embeddable":true,"href":"https:\/\/www.greenpeace.ch\/de\/wp-json\/wp\/v2\/tags?post=18881"},{"taxonomy":"p4-page-type","embeddable":true,"href":"https:\/\/www.greenpeace.ch\/de\/wp-json\/wp\/v2\/p4-page-type?post=18881"},{"taxonomy":"gpch-article-type","embeddable":true,"href":"https:\/\/www.greenpeace.ch\/de\/wp-json\/wp\/v2\/gpch-article-type?post=18881"}],"curies":[{"name":"wp","href":"https:\/\/api.w.org\/{rel}","templated":true}]}}