{"id":18938,"date":"2006-10-16T00:00:00","date_gmt":"2006-10-15T22:00:00","guid":{"rendered":"https:\/\/master.greenpeace.ch\/beitrag\/18938\/totalsanieren-spot-auf-grossleinwand-im-basler-bahnhof\/"},"modified":"2019-05-30T14:41:14","modified_gmt":"2019-05-30T12:41:14","slug":"totalsanieren-spot-auf-grossleinwand-im-basler-bahnhof","status":"publish","type":"post","link":"https:\/\/www.greenpeace.ch\/de\/story\/18938\/totalsanieren-spot-auf-grossleinwand-im-basler-bahnhof\/","title":{"rendered":"Totalsanieren-Spot auf Grossleinwand im Basler Bahnhof"},"content":{"rendered":"<p><b>Vom 16.\u201323. Oktober zeigt Greenpeace auf dem Grossbildschirm im Basler Hautbahnhof verschiedene Spots mit Bildern von der Fotopetition \u00abzur Beseitigung der Chemiem\u00fclldeponien in der Region Basel\u00bb. F\u00fcnf Greenpeace-Aktivisten haben gestern Morgen vor dem Grossbildschirm mit dem Totalsanieren-Spot nochmals neue Fotos von Petition\u00e4rInnen gemacht mit dem Hinweis, dass ihr Bild in den kommenden Tagen auf dem Grossbildschirm erscheinen k\u00f6nnte.<\/b><\/p>\n<div>\n<div class=\"events-box small-box left\">\n<div class=\"frame\">\n        <a class=\"open-img EnlargeImage\" href=\"https:\/\/www.greenpeace.ch\/static\/planet4-switzerland-stateless\/2019\/05\/c76e8730-c76e8730-pic91.jpg\" title=\"\"><br \/>\n            <img decoding=\"async\" id=\"ctl00_cphContentArea_Property3_ctl00_ctl02_Image1\" class=\"Thumbnail\" src=\"https:\/\/www.greenpeace.ch\/static\/planet4-switzerland-stateless\/2019\/05\/c76e8730-c76e8730-pic91.jpg\" alt=\"\" style=\"border-width:0px;\"><\/p>\n<p>        <\/a>\n    <\/div>\n<div class=\"events-content no-title\">\n        <span class=\"date\"><\/span><br \/>\n        <strong><\/strong><\/p>\n<p>\n            \u00a9 Greenpeace\n        <\/p>\n<\/p>\n<\/div>\n<\/div>\n<p class=\"bodytext\">Basel\/Z\u00fcrich. F\u00fcr Greenpeace ist das eine M\u00f6glichkeit, den engagierten Fotopetition\u00e4rInnen zu danken und ihrer Forderung nach Totalsanierungen zus\u00e4tzliches Gewicht zu verleihen.<\/p>\n<p>Die Spots sehen Sie auf:<\/p>\n<ul class=\"action-items\">\n<li><a class=\"normal\" href=\"http:\/\/www.totalsanieren.ch\/\" target=\"neu\" rel=\"noopener noreferrer\">www.totalsanieren.ch<\/a><\/li>\n<\/ul>\n<\/div>\n","protected":false},"excerpt":{"rendered":"<p>Vom 16.\u201323. Oktober zeigt Greenpeace auf dem Grossbildschirm im Basler Hautbahnhof verschiedene Spots mit Bildern von der Fotopetition \u00abzur Beseitigung der Chemiem\u00fclldeponien in der Region Basel\u00bb. F\u00fcnf Greenpeace-Aktivisten haben gestern&hellip;<\/p>\n","protected":false},"author":23,"featured_media":18940,"comment_status":"closed","ping_status":"open","sticky":false,"template":"","format":"standard","meta":{"_acf_changed":false,"_planet4_optimize_post_is_variant":false,"_planet4_optimize_experiment_name":"","_planet4_optimize_variant_name":"","ep_exclude_from_search":false,"p4_og_title":"","p4_og_description":"","p4_og_image":"","p4_og_image_id":"","p4_seo_canonical_url":"","p4_campaign_name":"","p4_local_project":"","p4_basket_name":"","p4_department":"","footnotes":""},"categories":[1],"tags":[],"p4-page-type":[75],"gpch-article-type":[],"class_list":["post-18938","post","type-post","status-publish","format-standard","has-post-thumbnail","hentry","category-unkategorisiert","p4-page-type-story"],"acf":[],"_links":{"self":[{"href":"https:\/\/www.greenpeace.ch\/de\/wp-json\/wp\/v2\/posts\/18938","targetHints":{"allow":["GET"]}}],"collection":[{"href":"https:\/\/www.greenpeace.ch\/de\/wp-json\/wp\/v2\/posts"}],"about":[{"href":"https:\/\/www.greenpeace.ch\/de\/wp-json\/wp\/v2\/types\/post"}],"author":[{"embeddable":true,"href":"https:\/\/www.greenpeace.ch\/de\/wp-json\/wp\/v2\/users\/23"}],"replies":[{"embeddable":true,"href":"https:\/\/www.greenpeace.ch\/de\/wp-json\/wp\/v2\/comments?post=18938"}],"version-history":[{"count":0,"href":"https:\/\/www.greenpeace.ch\/de\/wp-json\/wp\/v2\/posts\/18938\/revisions"}],"wp:featuredmedia":[{"embeddable":true,"href":"https:\/\/www.greenpeace.ch\/de\/wp-json\/wp\/v2\/media\/18940"}],"wp:attachment":[{"href":"https:\/\/www.greenpeace.ch\/de\/wp-json\/wp\/v2\/media?parent=18938"}],"wp:term":[{"taxonomy":"category","embeddable":true,"href":"https:\/\/www.greenpeace.ch\/de\/wp-json\/wp\/v2\/categories?post=18938"},{"taxonomy":"post_tag","embeddable":true,"href":"https:\/\/www.greenpeace.ch\/de\/wp-json\/wp\/v2\/tags?post=18938"},{"taxonomy":"p4-page-type","embeddable":true,"href":"https:\/\/www.greenpeace.ch\/de\/wp-json\/wp\/v2\/p4-page-type?post=18938"},{"taxonomy":"gpch-article-type","embeddable":true,"href":"https:\/\/www.greenpeace.ch\/de\/wp-json\/wp\/v2\/gpch-article-type?post=18938"}],"curies":[{"name":"wp","href":"https:\/\/api.w.org\/{rel}","templated":true}]}}