{"id":18951,"date":"2006-10-01T00:00:00","date_gmt":"2006-09-30T22:00:00","guid":{"rendered":"https:\/\/master.greenpeace.ch\/beitrag\/18951\/danke-herr-marchand-dass-sie-den-urwald-schuetzen\/"},"modified":"2019-05-30T14:41:31","modified_gmt":"2019-05-30T12:41:31","slug":"danke-herr-marchand-dass-sie-den-urwald-schuetzen","status":"publish","type":"post","link":"https:\/\/www.greenpeace.ch\/de\/story\/18951\/danke-herr-marchand-dass-sie-den-urwald-schuetzen\/","title":{"rendered":"Danke Herr Marchand, dass Sie den Urwald sch\u00fctzen!"},"content":{"rendered":"<p><b>Eine Gruppe von Jugendlichen des Greenpeace-Projektes \u00abKids for Forests\u00bb ist heute auf \u00abVeloToUrwald\u00bb gestartet. F\u00fcr den Urwaldschutz werden die 14- bis 20-J\u00e4hrigen in den n\u00e4chsten Tagen kr\u00e4ftig in die Pedale treten und von Bern \u00fcber Luzern und Schwyz bis nach Zug fahren. Zum Auftakt besuchten sie Gustave E. Marchand, Direktor des Bundesamtes f\u00fcr Bauten und Logistik (BBL). Sie gratulierten dem BBL zum grossen Fortschritt auf dem Weg zur urwaldfreundlichen Bundesverwaltung, forderten aber, noch mehr auf \u00d6kologie zu setzen und den Einsatz von Recyclingpapier zu steigern.<\/b><\/p>\n<div>\n<div class=\"events-box small-box left\">\n<div class=\"frame\">\n        <a class=\"open-img EnlargeImage\" href=\"https:\/\/www.greenpeace.ch\/static\/planet4-switzerland-stateless\/2019\/05\/3a32703e-3a32703e-pic96.jpg\" title=\"\"><br \/>\n            <img decoding=\"async\" id=\"ctl00_cphContentArea_Property3_ctl00_ctl02_Image1\" class=\"Thumbnail\" src=\"https:\/\/www.greenpeace.ch\/static\/planet4-switzerland-stateless\/2019\/05\/3a32703e-3a32703e-pic96.jpg\" alt=\"\" style=\"border-width:0px;\"><\/p>\n<p>        <\/a>\n    <\/div>\n<div class=\"events-content no-title\">\n        <span class=\"date\"><\/span><br \/>\n        <strong><\/strong><\/p>\n<p>\n            \u00a9 Greenpeace\n        <\/p>\n<\/p>\n<\/div>\n<\/div>\n<p class=\"bodytext\">In letzter Zeit hat der Bund im Urwaldschutz deutlich zugelegt. Neu wird n\u00e4mlich fast 90% des Verbrauchs von Frischfaserpapier durch FSC-zertifiziertes Papier abgedeckt. Dieser Fortschritt wurde m\u00f6glich dank dem Umweltprogramm des Bundes (RUMBA) und den \u00abKids for Forests\u00bb, die seit vier Jahren von Bundesrat Leuenberger hartn\u00e4ckig eine urwaldfreundliche Verwaltung fordern.<\/p>\n<p>Unterst\u00fctzt wurden sie von Nationalr\u00e4tin Maya Graf: \u00abDer Erfolg freut mich besonders, weil er ein Produkt aus jugendlichem Engagement und parlamentarischem Vorstoss ist. Jetzt hoffe ich noch auf den letzten Schritt zur wirklichen Urwaldfreundlichkeit beim Papier\u00bb. Und der ist: Den Anteil Recyclingpapier (RP) auf mind. 60% zu steigern. Zwar ist das BBL selber mit \u00fcber 40% RP-Anteil auf gutem Weg, aber die Bundesverwaltung mit 33%-Anteil noch sehr mangelhaft. Recyclingpapier braucht bei der Herstellung zudem dreimal weniger Energie und Wasser und ist auch qualitativ topp. Das zeigten die \u00abKids for Forests\u00bb Roland Anliker, dem Stellvertreter des verhinderten obersten Einkaufschefs Gustave E. Marchand, mit einer Mustermappe urwaldfreundlicher Papiere, die sie ihm \u00fcberreichten.<\/p>\n<ul class=\"action-items\">\n<li><a class=\"normal\" href=\"http:\/\/www.urwaldfreundlich.ch\/index.php\" target=\"uwf\" rel=\"noopener noreferrer\">Urwaldfreundlich.ch<\/a><\/li>\n<\/ul>\n<\/div>\n","protected":false},"excerpt":{"rendered":"<p>Eine Gruppe von Jugendlichen des Greenpeace-Projektes \u00abKids for Forests\u00bb ist heute auf \u00abVeloToUrwald\u00bb gestartet. F\u00fcr den Urwaldschutz werden die 14- bis 20-J\u00e4hrigen in den n\u00e4chsten Tagen kr\u00e4ftig in die Pedale&hellip;<\/p>\n","protected":false},"author":23,"featured_media":18953,"comment_status":"closed","ping_status":"open","sticky":false,"template":"","format":"standard","meta":{"_acf_changed":false,"_planet4_optimize_post_is_variant":false,"_planet4_optimize_experiment_name":"","_planet4_optimize_variant_name":"","ep_exclude_from_search":false,"p4_og_title":"","p4_og_description":"","p4_og_image":"","p4_og_image_id":"","p4_seo_canonical_url":"","p4_campaign_name":"","p4_local_project":"","p4_basket_name":"","p4_department":"","footnotes":""},"categories":[1],"tags":[],"p4-page-type":[75],"gpch-article-type":[],"class_list":["post-18951","post","type-post","status-publish","format-standard","has-post-thumbnail","hentry","category-unkategorisiert","p4-page-type-story"],"acf":[],"_links":{"self":[{"href":"https:\/\/www.greenpeace.ch\/de\/wp-json\/wp\/v2\/posts\/18951","targetHints":{"allow":["GET"]}}],"collection":[{"href":"https:\/\/www.greenpeace.ch\/de\/wp-json\/wp\/v2\/posts"}],"about":[{"href":"https:\/\/www.greenpeace.ch\/de\/wp-json\/wp\/v2\/types\/post"}],"author":[{"embeddable":true,"href":"https:\/\/www.greenpeace.ch\/de\/wp-json\/wp\/v2\/users\/23"}],"replies":[{"embeddable":true,"href":"https:\/\/www.greenpeace.ch\/de\/wp-json\/wp\/v2\/comments?post=18951"}],"version-history":[{"count":0,"href":"https:\/\/www.greenpeace.ch\/de\/wp-json\/wp\/v2\/posts\/18951\/revisions"}],"wp:featuredmedia":[{"embeddable":true,"href":"https:\/\/www.greenpeace.ch\/de\/wp-json\/wp\/v2\/media\/18953"}],"wp:attachment":[{"href":"https:\/\/www.greenpeace.ch\/de\/wp-json\/wp\/v2\/media?parent=18951"}],"wp:term":[{"taxonomy":"category","embeddable":true,"href":"https:\/\/www.greenpeace.ch\/de\/wp-json\/wp\/v2\/categories?post=18951"},{"taxonomy":"post_tag","embeddable":true,"href":"https:\/\/www.greenpeace.ch\/de\/wp-json\/wp\/v2\/tags?post=18951"},{"taxonomy":"p4-page-type","embeddable":true,"href":"https:\/\/www.greenpeace.ch\/de\/wp-json\/wp\/v2\/p4-page-type?post=18951"},{"taxonomy":"gpch-article-type","embeddable":true,"href":"https:\/\/www.greenpeace.ch\/de\/wp-json\/wp\/v2\/gpch-article-type?post=18951"}],"curies":[{"name":"wp","href":"https:\/\/api.w.org\/{rel}","templated":true}]}}