{"id":18971,"date":"2006-09-13T00:00:00","date_gmt":"2006-09-12T22:00:00","guid":{"rendered":"https:\/\/master.greenpeace.ch\/beitrag\/18971\/die-zeit-laeuft-klimaveraenderung-fordert-taten-2\/"},"modified":"2019-05-30T14:42:00","modified_gmt":"2019-05-30T12:42:00","slug":"die-zeit-laeuft-klimaveraenderung-fordert-taten-2","status":"publish","type":"post","link":"https:\/\/www.greenpeace.ch\/de\/story\/18971\/die-zeit-laeuft-klimaveraenderung-fordert-taten-2\/","title":{"rendered":"Die Zeit l\u00e4uft: Klimaver\u00e4nderung fordert Taten"},"content":{"rendered":"<p><b>Drei Minuten vor 12 zeigt die riesige Uhr an, mit der Greenpeace-Aktivisten heute die Teilnehmenden der Vorbereitungs-Tagung zur Weltklimakonferenz in Nairobi empfingen. Die rund 40 Minister und L\u00e4ndervertreter werden in R\u00fcschlikon zwei Tage lang beraten. Ebenso lange wollen die Aktivistinnen und Aktivisten ihre Pr\u00e4senz aufrecht halten \u2013 als mahnendes Zeichen f\u00fcr die Dringlichkeit, mit der jetzt die Weichen gestellt werden m\u00fcssen, um den globalen Klimawandel m\u00f6glichst bald zu stoppen.<\/b><\/p>\n<div>\n<div class=\"events-box small-box left\">\n<div class=\"frame\">\n        <a class=\"open-img EnlargeImage\" href=\"https:\/\/www.greenpeace.ch\/static\/planet4-switzerland-stateless\/2019\/05\/265a7c0e-265a7c0e-pic101.jpg\" title=\"\"><br \/>\n            <img decoding=\"async\" id=\"ctl00_cphContentArea_Property3_ctl00_ctl02_Image1\" class=\"Thumbnail\" src=\"https:\/\/www.greenpeace.ch\/static\/planet4-switzerland-stateless\/2019\/05\/265a7c0e-265a7c0e-pic101.jpg\" alt=\"\" style=\"border-width:0px;\"><\/p>\n<p>        <\/a>\n    <\/div>\n<div class=\"events-content no-title\">\n        <span class=\"date\"><\/span><br \/>\n        <strong><\/strong><\/p>\n<p>\n            \u00a9 Greenpeace \/ Adair\n        <\/p>\n<\/p>\n<\/div>\n<\/div>\n<p class=\"bodytext\">Z\u00fcrich\/R\u00fcschlikon. Heute und morgen werden die Delegierten \u00fcber die wohl gr\u00f6sste, weltweite Herausforderung konferieren: den durch den Menschen verursachten Klimawandel. Die Greenpeace-Aktivisten warteten heute vor dem Tagungsgeb\u00e4ude auf die Eintreffenden mit einem Geschenk &#8211; einer Armbanduhr mit der Aufschrift \u00abtime is running out\u00bb, als kleinem Pendant zur riesigen Uhr. Im beigelegten Brief fordert Greenpeace die Delegierten auf, sich mit dem Tragen der Uhr zu verantwortungsvollem Entscheiden und Handeln zu verpflichten. Mit einigen Delegierten, darunter den Umweltministern Moritz Leuenberger und Kivutha Kibwana (Kenia), sind die Aktivisten bereits Kontakt getreten, weitere werden folgen.<\/p>\n<p class=\"bodytext\">15|09|06: Kommentar zur vorbereitenden Tagung in R\u00fcschlikon zur Weltklimakonferenz<\/p>\n<p>Greenpeace war w\u00e4hrend den ganzen zwei Tagen vor dem Konferenzgeb\u00e4ude pr\u00e4sent, um ein mahnendes Zeichen zu setzen. Alexander Hauri, Leiter der Klimakampagne meint: \u00abDie Konferenz wurde als Thinktank genutzt und die beteiligten L\u00e4nder scheinen sich ihrer Verantwortung bewusst. Nun gilt es, den Geist von R\u00fcschlikon nach Nairobi zu tragen und dort verbindliche, starke Entscheide folgen zu lassen. Im Mittelpunkt m\u00fcssen dabei die Treibhausgas-Reduktionsziele f\u00fcr die Zeit nach 2012 stehen. Diese m\u00fcssen sich an der maximalen globalen Erw\u00e4rmung von 2 Grad orientieren. Mehr kann der Planet und die Menschheit nicht verkraften. Die Zeit dr\u00e4ngt.\u00bb<\/p>\n<ul class=\"action-items\">\n<li><a title=\"Startet den Datei-Download\" href=\"https:\/\/www.greenpeace.ch\/wp-content\/uploads\/2017\/01\/140906klimakonf_hg.pdf\" target=\"_self\" rel=\"noopener noreferrer\">Hintergrund: Vorbereitungskonferenz zur Weltklimakonferenz (download 360kb)<\/a><\/li>\n<\/ul>\n<\/div>\n","protected":false},"excerpt":{"rendered":"<p>Drei Minuten vor 12 zeigt die riesige Uhr an, mit der Greenpeace-Aktivisten heute die Teilnehmenden der Vorbereitungs-Tagung zur Weltklimakonferenz in Nairobi empfingen. Die rund 40 Minister und L\u00e4ndervertreter werden in&hellip;<\/p>\n","protected":false},"author":23,"featured_media":18973,"comment_status":"closed","ping_status":"open","sticky":false,"template":"","format":"standard","meta":{"_acf_changed":false,"_planet4_optimize_post_is_variant":false,"_planet4_optimize_experiment_name":"","_planet4_optimize_variant_name":"","ep_exclude_from_search":false,"p4_og_title":"","p4_og_description":"","p4_og_image":"","p4_og_image_id":"","p4_seo_canonical_url":"","p4_campaign_name":"","p4_local_project":"","p4_basket_name":"","p4_department":"","footnotes":""},"categories":[1],"tags":[],"p4-page-type":[75],"gpch-article-type":[],"class_list":["post-18971","post","type-post","status-publish","format-standard","has-post-thumbnail","hentry","category-unkategorisiert","p4-page-type-story"],"acf":[],"_links":{"self":[{"href":"https:\/\/www.greenpeace.ch\/de\/wp-json\/wp\/v2\/posts\/18971","targetHints":{"allow":["GET"]}}],"collection":[{"href":"https:\/\/www.greenpeace.ch\/de\/wp-json\/wp\/v2\/posts"}],"about":[{"href":"https:\/\/www.greenpeace.ch\/de\/wp-json\/wp\/v2\/types\/post"}],"author":[{"embeddable":true,"href":"https:\/\/www.greenpeace.ch\/de\/wp-json\/wp\/v2\/users\/23"}],"replies":[{"embeddable":true,"href":"https:\/\/www.greenpeace.ch\/de\/wp-json\/wp\/v2\/comments?post=18971"}],"version-history":[{"count":0,"href":"https:\/\/www.greenpeace.ch\/de\/wp-json\/wp\/v2\/posts\/18971\/revisions"}],"wp:featuredmedia":[{"embeddable":true,"href":"https:\/\/www.greenpeace.ch\/de\/wp-json\/wp\/v2\/media\/18973"}],"wp:attachment":[{"href":"https:\/\/www.greenpeace.ch\/de\/wp-json\/wp\/v2\/media?parent=18971"}],"wp:term":[{"taxonomy":"category","embeddable":true,"href":"https:\/\/www.greenpeace.ch\/de\/wp-json\/wp\/v2\/categories?post=18971"},{"taxonomy":"post_tag","embeddable":true,"href":"https:\/\/www.greenpeace.ch\/de\/wp-json\/wp\/v2\/tags?post=18971"},{"taxonomy":"p4-page-type","embeddable":true,"href":"https:\/\/www.greenpeace.ch\/de\/wp-json\/wp\/v2\/p4-page-type?post=18971"},{"taxonomy":"gpch-article-type","embeddable":true,"href":"https:\/\/www.greenpeace.ch\/de\/wp-json\/wp\/v2\/gpch-article-type?post=18971"}],"curies":[{"name":"wp","href":"https:\/\/api.w.org\/{rel}","templated":true}]}}