{"id":18995,"date":"2006-08-29T00:00:00","date_gmt":"2006-08-28T22:00:00","guid":{"rendered":"https:\/\/master.greenpeace.ch\/beitrag\/18995\/alpines-museum-zeigt-gletscher-im-treibhaus-2\/"},"modified":"2019-05-30T14:42:33","modified_gmt":"2019-05-30T12:42:33","slug":"alpines-museum-zeigt-gletscher-im-treibhaus-2","status":"publish","type":"post","link":"https:\/\/www.greenpeace.ch\/de\/story\/18995\/alpines-museum-zeigt-gletscher-im-treibhaus-2\/","title":{"rendered":"Alpines Museum zeigt: Gletscher im Treibhaus"},"content":{"rendered":"<p><b>\u00abGletscher im Treibhaus\u00bb &#8211; so lautet der Titel der Ausstellung, die am 1. September im alpinen Museum Bern startet und bis zum 25. M\u00e4rz n\u00e4chsten Jahres zu sehen sein wird. Die Schau dokumentiert mit grossformatigen Bildern das sichtbarste Signal der weltweiten Klimaver\u00e4nderung: den dramatischen R\u00fcckzug der Alpengletscher. Im Zentrum stehen dabei historische Aufnahmen, denen heutige Fotografien der gleichen Motive gegen\u00fcber gestellt werden. Die Tr\u00e4gerschaft der Ausstellung bilden das Alpine Museum zusammen mit dem Schweizer Alpen-Club (SAC) und Greenpeace.<\/b><\/p>\n<div>\n<div class=\"events-box small-box left\">\n<div class=\"frame\">\n        <a class=\"open-img EnlargeImage\" href=\"https:\/\/www.greenpeace.ch\/static\/planet4-switzerland-stateless\/2019\/05\/252e7790-252e7790-pic117.jpg\" title=\"\"><br \/>\n            <img decoding=\"async\" id=\"ctl00_cphContentArea_Property3_ctl00_ctl02_Image1\" class=\"Thumbnail\" src=\"https:\/\/www.greenpeace.ch\/static\/planet4-switzerland-stateless\/2019\/05\/252e7790-252e7790-pic117.jpg\" alt=\"\" style=\"border-width:0px;\"><\/p>\n<p>        <\/a>\n    <\/div>\n<div class=\"events-content no-title\">\n        <span class=\"date\"><\/span><br \/>\n        <strong><\/strong><\/p>\n<p>\n            \u00a9 Gesellschaft f\u00fcr oekologische Forschung \/Greenpeace\n        <\/p>\n<\/p>\n<\/div>\n<\/div>\n<p class=\"bodytext\">Der Klimawandel hat die als Alpenland besonders davon betroffene Schweiz l\u00e4ngst erreicht. Davon zeugen nebst den schmelzenden Gletschern als augenf\u00e4lligstem Zeichen auch extreme Hitzeperioden wie diesen Juli oder im Sommer 03, begleitet von einer mit dem Auftauen des Permafrostes zusammenh\u00e4ngenden Zunahme von Felsst\u00fcrzen. Aber auch \u00dcberschwemmungen wie im Sommer 05 und die darauf folgende Trockenperiode geh\u00f6ren zu den Symptomen.<\/p>\n<ul class=\"action-items\">\n<li><a class=\"normal\" href=\"http:\/\/www.alpinesmuseum.ch\/index.cfm\/fuseaction\/show\/path\/1-8.htm\" target=\"museum\" rel=\"noopener noreferrer\">Gletscher im Treibhaus: Ernste Signale aus der alpinen Eiswelt<\/a><\/li>\n<\/ul>\n<\/div>\n","protected":false},"excerpt":{"rendered":"<p>\u00abGletscher im Treibhaus\u00bb &#8211; so lautet der Titel der Ausstellung, die am 1. September im alpinen Museum Bern startet und bis zum 25. M\u00e4rz n\u00e4chsten Jahres zu sehen sein wird.&hellip;<\/p>\n","protected":false},"author":23,"featured_media":18997,"comment_status":"closed","ping_status":"open","sticky":false,"template":"","format":"standard","meta":{"_acf_changed":false,"_planet4_optimize_post_is_variant":false,"_planet4_optimize_experiment_name":"","_planet4_optimize_variant_name":"","ep_exclude_from_search":false,"p4_og_title":"","p4_og_description":"","p4_og_image":"","p4_og_image_id":"","p4_seo_canonical_url":"","p4_campaign_name":"","p4_local_project":"","p4_basket_name":"","p4_department":"","footnotes":""},"categories":[1],"tags":[],"p4-page-type":[75],"gpch-article-type":[],"class_list":["post-18995","post","type-post","status-publish","format-standard","has-post-thumbnail","hentry","category-unkategorisiert","p4-page-type-story"],"acf":[],"_links":{"self":[{"href":"https:\/\/www.greenpeace.ch\/de\/wp-json\/wp\/v2\/posts\/18995","targetHints":{"allow":["GET"]}}],"collection":[{"href":"https:\/\/www.greenpeace.ch\/de\/wp-json\/wp\/v2\/posts"}],"about":[{"href":"https:\/\/www.greenpeace.ch\/de\/wp-json\/wp\/v2\/types\/post"}],"author":[{"embeddable":true,"href":"https:\/\/www.greenpeace.ch\/de\/wp-json\/wp\/v2\/users\/23"}],"replies":[{"embeddable":true,"href":"https:\/\/www.greenpeace.ch\/de\/wp-json\/wp\/v2\/comments?post=18995"}],"version-history":[{"count":0,"href":"https:\/\/www.greenpeace.ch\/de\/wp-json\/wp\/v2\/posts\/18995\/revisions"}],"wp:featuredmedia":[{"embeddable":true,"href":"https:\/\/www.greenpeace.ch\/de\/wp-json\/wp\/v2\/media\/18997"}],"wp:attachment":[{"href":"https:\/\/www.greenpeace.ch\/de\/wp-json\/wp\/v2\/media?parent=18995"}],"wp:term":[{"taxonomy":"category","embeddable":true,"href":"https:\/\/www.greenpeace.ch\/de\/wp-json\/wp\/v2\/categories?post=18995"},{"taxonomy":"post_tag","embeddable":true,"href":"https:\/\/www.greenpeace.ch\/de\/wp-json\/wp\/v2\/tags?post=18995"},{"taxonomy":"p4-page-type","embeddable":true,"href":"https:\/\/www.greenpeace.ch\/de\/wp-json\/wp\/v2\/p4-page-type?post=18995"},{"taxonomy":"gpch-article-type","embeddable":true,"href":"https:\/\/www.greenpeace.ch\/de\/wp-json\/wp\/v2\/gpch-article-type?post=18995"}],"curies":[{"name":"wp","href":"https:\/\/api.w.org\/{rel}","templated":true}]}}