{"id":18999,"date":"2006-08-22T00:00:00","date_gmt":"2006-08-21T22:00:00","guid":{"rendered":"https:\/\/master.greenpeace.ch\/beitrag\/18999\/importfleisch-aus-gentech-fuetterung-wo-bleibt-das-migros-engagement-2\/"},"modified":"2019-05-30T14:42:38","modified_gmt":"2019-05-30T12:42:38","slug":"importfleisch-aus-gentech-fuetterung-wo-bleibt-das-migros-engagement-2","status":"publish","type":"post","link":"https:\/\/www.greenpeace.ch\/de\/story\/18999\/importfleisch-aus-gentech-fuetterung-wo-bleibt-das-migros-engagement-2\/","title":{"rendered":"Importfleisch aus Gentech-F\u00fctterung \u2013 wo bleibt das Migros-Engagement?"},"content":{"rendered":"<p><b>Coop, Denner und Spar setzen jetzt auch bei Import-Fleisch auf gentechfreie F\u00fctterung. Bei der Migros ist jedoch kein Engagement zu sp\u00fcren. Greenpeace fordert den orangen Riesen zum sofortigen Handeln auf.<\/b><\/p>\n<div>\n<div class=\"events-box small-box left\">\n<div class=\"frame\">\n        <a class=\"open-img EnlargeImage\" href=\"https:\/\/www.greenpeace.ch\/static\/planet4-switzerland-stateless\/2019\/05\/8c3e007c-8c3e007c-pic122_01.jpg\" title=\"\"><br \/>\n            <img decoding=\"async\" id=\"ctl00_cphContentArea_Property3_ctl00_ctl01_Image1\" class=\"Thumbnail\" src=\"https:\/\/www.greenpeace.ch\/static\/planet4-switzerland-stateless\/2019\/05\/8c3e007c-8c3e007c-pic122_01.jpg\" alt=\"\" style=\"border-width:0px;\"><\/p>\n<p>        <\/a>\n    <\/div>\n<div class=\"events-content no-title\">\n        <span class=\"date\"><\/span><br \/>\n        <strong><\/strong><\/p>\n<p>\n            \u00a9 Greenpeace\n        <\/p>\n<\/p>\n<\/div>\n<\/div>\n<p class=\"bodytext\">Z\u00fcrich. Die Greenpeace-Aktion vom Juli bei der<br \/>\nMigros in Z\u00fcrich zeigt Wirkung: Zwar nicht bei der Migros selbst,<br \/>\naber bei dessen Konkurrenz. Coop, Denner und Spar wollen von ihren<br \/>\nFleisch-Lieferanten eine Garantie auf gentechfreie F\u00fctterung.<\/p>\n<p>Die Migros aber l\u00e4sst jegliches Engagement in diese Richtung<br \/>\nvermissen. Die Garantie f\u00fcr eine gentechfreie F\u00fctterung nicht nur<br \/>\nf\u00fcr inl\u00e4ndische, sondern auch f\u00fcr importierte tierische Produkte<br \/>\nabzugeben, sei aus Kostengr\u00fcnden nicht machbar. \u00abDie Ausreden der<br \/>\nMigros sind inakzeptabel. Weshalb sollte sie nicht umsetzen k\u00f6nnen,<br \/>\nwas andere auch tun?\u00bb, sagt Marianne K\u00fcnzle von Greenpeace<br \/>\nSchweiz.<\/p>\n<ul class=\"action-items\">\n<li><a href=\"https:\/\/www.greenpeace.ch\/wp-content\/uploads\/2017\/01\/umfrage.pdf\" title=\"Startet den Datei-Download\" target=\"_self\" rel=\"noopener noreferrer\">Umfrage:<br \/>\nAkzeptanz Gentech-Lebensmittel (download 60kb)<\/a><\/li>\n<li><a href=\"http:\/\/www.greenpeace.org\/france\/news\/marseille-le-point-a-8h30\" target=\"gpf\" class=\"normal\" rel=\"noopener noreferrer\">Marseille 24|08|2006: Greenpeace<br \/>\nSchiff \u00abRainbow Warrior\u00bb von franz\u00f6sischen Fischern<br \/>\ngeentert<\/a><\/li>\n<\/ul>\n<\/div>\n","protected":false},"excerpt":{"rendered":"<p>Coop, Denner und Spar setzen jetzt auch bei Import-Fleisch auf gentechfreie F\u00fctterung. Bei der Migros ist jedoch kein Engagement zu sp\u00fcren. Greenpeace fordert den orangen Riesen zum sofortigen Handeln auf.&hellip;<\/p>\n","protected":false},"author":23,"featured_media":19001,"comment_status":"closed","ping_status":"open","sticky":false,"template":"","format":"standard","meta":{"_acf_changed":false,"_planet4_optimize_post_is_variant":false,"_planet4_optimize_experiment_name":"","_planet4_optimize_variant_name":"","ep_exclude_from_search":false,"p4_og_title":"","p4_og_description":"","p4_og_image":"","p4_og_image_id":"","p4_seo_canonical_url":"","p4_campaign_name":"","p4_local_project":"","p4_basket_name":"","p4_department":"","footnotes":""},"categories":[1],"tags":[],"p4-page-type":[75],"gpch-article-type":[],"class_list":["post-18999","post","type-post","status-publish","format-standard","has-post-thumbnail","hentry","category-unkategorisiert","p4-page-type-story"],"acf":[],"_links":{"self":[{"href":"https:\/\/www.greenpeace.ch\/de\/wp-json\/wp\/v2\/posts\/18999","targetHints":{"allow":["GET"]}}],"collection":[{"href":"https:\/\/www.greenpeace.ch\/de\/wp-json\/wp\/v2\/posts"}],"about":[{"href":"https:\/\/www.greenpeace.ch\/de\/wp-json\/wp\/v2\/types\/post"}],"author":[{"embeddable":true,"href":"https:\/\/www.greenpeace.ch\/de\/wp-json\/wp\/v2\/users\/23"}],"replies":[{"embeddable":true,"href":"https:\/\/www.greenpeace.ch\/de\/wp-json\/wp\/v2\/comments?post=18999"}],"version-history":[{"count":0,"href":"https:\/\/www.greenpeace.ch\/de\/wp-json\/wp\/v2\/posts\/18999\/revisions"}],"wp:featuredmedia":[{"embeddable":true,"href":"https:\/\/www.greenpeace.ch\/de\/wp-json\/wp\/v2\/media\/19001"}],"wp:attachment":[{"href":"https:\/\/www.greenpeace.ch\/de\/wp-json\/wp\/v2\/media?parent=18999"}],"wp:term":[{"taxonomy":"category","embeddable":true,"href":"https:\/\/www.greenpeace.ch\/de\/wp-json\/wp\/v2\/categories?post=18999"},{"taxonomy":"post_tag","embeddable":true,"href":"https:\/\/www.greenpeace.ch\/de\/wp-json\/wp\/v2\/tags?post=18999"},{"taxonomy":"p4-page-type","embeddable":true,"href":"https:\/\/www.greenpeace.ch\/de\/wp-json\/wp\/v2\/p4-page-type?post=18999"},{"taxonomy":"gpch-article-type","embeddable":true,"href":"https:\/\/www.greenpeace.ch\/de\/wp-json\/wp\/v2\/gpch-article-type?post=18999"}],"curies":[{"name":"wp","href":"https:\/\/api.w.org\/{rel}","templated":true}]}}