{"id":19007,"date":"2006-08-23T00:00:00","date_gmt":"2006-08-22T22:00:00","guid":{"rendered":"https:\/\/master.greenpeace.ch\/beitrag\/19007\/zivilgesellschaft-fordert-aktive-klimapolitik-der-schweiz-und-stellt-den-klima-masterplan-vor-2\/"},"modified":"2019-05-30T14:42:50","modified_gmt":"2019-05-30T12:42:50","slug":"zivilgesellschaft-fordert-aktive-klimapolitik-der-schweiz-und-stellt-den-klima-masterplan-vor-2","status":"publish","type":"post","link":"https:\/\/www.greenpeace.ch\/de\/story\/19007\/zivilgesellschaft-fordert-aktive-klimapolitik-der-schweiz-und-stellt-den-klima-masterplan-vor-2\/","title":{"rendered":"Zivilgesellschaft fordert aktive Klimapolitik der Schweiz und stellt den Klima-Masterplan vor"},"content":{"rendered":"<p><b>Die Allianz f\u00fcr eine verantwortungsvolle Klimapolitik fordert im Rahmen eines Manifestes eine aktive Klimapolitik. Die Schweiz m\u00fcsse sich an der Obergrenze der weltweiten Erw\u00e4rmung von maximal 2 Grad gegen\u00fcber der vorindustriellen Durchschnittstemperatur orientieren. Dies bedeutet f\u00fcr die Schweiz, dass die Emissionen von Treibhausgasen gegen\u00fcber dem Referenzjahr 1990 um 30 Prozent bis 2020 und um 90 Prozent bis 2050 sinken m\u00fcssen. In ihrem Klima-Masterplan zeigt die Zivilgesellschaft, mit welchen politischen Instrumenten diese Reduktionsziele erreicht und dass damit gleichzeitig volkswirtschaftlicher Nettonutzen und Arbeitspl\u00e4tze geschaffen werden.<\/b><\/p>\n<div>\n<div class=\"events-box small-box left\">\n<div class=\"frame\">\n        <a class=\"open-img EnlargeImage\" href=\"https:\/\/www.greenpeace.ch\/static\/planet4-switzerland-stateless\/2019\/05\/67a3cb81-67a3cb81-pic121.jpg\" title=\"\"><br \/>\n            <img decoding=\"async\" id=\"ctl00_cphContentArea_Property3_ctl00_ctl02_Image1\" class=\"Thumbnail\" src=\"https:\/\/www.greenpeace.ch\/static\/planet4-switzerland-stateless\/2019\/05\/67a3cb81-67a3cb81-pic121.jpg\" alt=\"\" style=\"border-width:0px;\"><\/p>\n<p>        <\/a>\n    <\/div>\n<div class=\"events-content no-title\">\n        <span class=\"date\"><\/span><br \/>\n        <strong><\/strong><\/p>\n<p>\n            \u00a9 Heike Grasser \/ Greenpeace\n        <\/p>\n<\/p>\n<\/div>\n<\/div>\n<p class=\"bodytext\">Z\u00fcrich. Die Klimaver\u00e4nderung ist weltweit eine der gr\u00f6ssten Herausforderungen des 21. Jahrhunderts. In der von 189 Staaten ratifizierten UNO-Klimakonvention von 1992 wurden gemeinsame Ziele formuliert, um dem Klimawandel Einhalt zu gebieten. \u00abGlobale Verpflichtungen sind nationale Hausaufgaben\u00bb, sagte Rosmarie B\u00e4r, Alliance Sud, und konstatierte weiter: \u00abDie Schweiz hat ihre Hausaufgaben nicht gemacht, die Politik hat bis heute versagt.\u00bb<\/p>\n<p>Die bei einer weltweiten Erw\u00e4rmung von 2 Grad &#8211; f\u00fcr die Schweiz w\u00fcrde das 4 Grad bedeuten &#8211; zu erwartenden Auswirkungen sind bereits so gravierend, dass Alexander Hauri, Greenpeace folgerte: \u00abDie Pflicht heisst unter 2 Grad zu bleiben,\u00bb daher gebe es nur eine einzige Frage: \u00abWie erreichen wir dieses Ziel?\u00bb Um die Erw\u00e4rmung unter zwei Grad zu halten, darf die Konzentration an Treibhausgasen keinesfalls weiter steigen. Im Gegenteil: Sie muss sinken, d.h. die Reduktion der weltweiten Treibhausgas-Emissionen um 50% bis 2050 ist zwingend. F\u00fcr die Industriel\u00e4nder liegt der Reduktionsbedarf bei 90%, da hier die pro Kopf-Emissionen weit \u00fcber dem Weltdurchschnitt liegen.<\/p>\n<ul class=\"action-items\">\n<li><a title=\"Startet den Datei-Download\" href=\"https:\/\/www.greenpeace.ch\/wp-content\/uploads\/2017\/01\/KMP_d_web.pdf\" target=\"_self\" rel=\"noopener noreferrer\">Klima-Masterplan (download 724 KB)<\/a><\/li>\n<\/ul>\n<\/div>\n","protected":false},"excerpt":{"rendered":"<p>Die Allianz f\u00fcr eine verantwortungsvolle Klimapolitik fordert im Rahmen eines Manifestes eine aktive Klimapolitik. Die Schweiz m\u00fcsse sich an der Obergrenze der weltweiten Erw\u00e4rmung von maximal 2 Grad gegen\u00fcber der&hellip;<\/p>\n","protected":false},"author":23,"featured_media":19009,"comment_status":"closed","ping_status":"open","sticky":false,"template":"","format":"standard","meta":{"_acf_changed":false,"_planet4_optimize_post_is_variant":false,"_planet4_optimize_experiment_name":"","_planet4_optimize_variant_name":"","ep_exclude_from_search":false,"p4_og_title":"","p4_og_description":"","p4_og_image":"","p4_og_image_id":"","p4_seo_canonical_url":"","p4_campaign_name":"","p4_local_project":"","p4_basket_name":"","p4_department":"","footnotes":""},"categories":[1],"tags":[],"p4-page-type":[75],"gpch-article-type":[],"class_list":["post-19007","post","type-post","status-publish","format-standard","has-post-thumbnail","hentry","category-unkategorisiert","p4-page-type-story"],"acf":[],"_links":{"self":[{"href":"https:\/\/www.greenpeace.ch\/de\/wp-json\/wp\/v2\/posts\/19007","targetHints":{"allow":["GET"]}}],"collection":[{"href":"https:\/\/www.greenpeace.ch\/de\/wp-json\/wp\/v2\/posts"}],"about":[{"href":"https:\/\/www.greenpeace.ch\/de\/wp-json\/wp\/v2\/types\/post"}],"author":[{"embeddable":true,"href":"https:\/\/www.greenpeace.ch\/de\/wp-json\/wp\/v2\/users\/23"}],"replies":[{"embeddable":true,"href":"https:\/\/www.greenpeace.ch\/de\/wp-json\/wp\/v2\/comments?post=19007"}],"version-history":[{"count":0,"href":"https:\/\/www.greenpeace.ch\/de\/wp-json\/wp\/v2\/posts\/19007\/revisions"}],"wp:featuredmedia":[{"embeddable":true,"href":"https:\/\/www.greenpeace.ch\/de\/wp-json\/wp\/v2\/media\/19009"}],"wp:attachment":[{"href":"https:\/\/www.greenpeace.ch\/de\/wp-json\/wp\/v2\/media?parent=19007"}],"wp:term":[{"taxonomy":"category","embeddable":true,"href":"https:\/\/www.greenpeace.ch\/de\/wp-json\/wp\/v2\/categories?post=19007"},{"taxonomy":"post_tag","embeddable":true,"href":"https:\/\/www.greenpeace.ch\/de\/wp-json\/wp\/v2\/tags?post=19007"},{"taxonomy":"p4-page-type","embeddable":true,"href":"https:\/\/www.greenpeace.ch\/de\/wp-json\/wp\/v2\/p4-page-type?post=19007"},{"taxonomy":"gpch-article-type","embeddable":true,"href":"https:\/\/www.greenpeace.ch\/de\/wp-json\/wp\/v2\/gpch-article-type?post=19007"}],"curies":[{"name":"wp","href":"https:\/\/api.w.org\/{rel}","templated":true}]}}