{"id":19035,"date":"2006-08-03T00:00:00","date_gmt":"2006-08-02T22:00:00","guid":{"rendered":"https:\/\/master.greenpeace.ch\/beitrag\/19035\/schweden-nach-unfall-wurden-vier-akws-vom-netz-genommen\/"},"modified":"2019-05-30T14:43:28","modified_gmt":"2019-05-30T12:43:28","slug":"schweden-nach-unfall-wurden-vier-akws-vom-netz-genommen","status":"publish","type":"post","link":"https:\/\/www.greenpeace.ch\/de\/story\/19035\/schweden-nach-unfall-wurden-vier-akws-vom-netz-genommen\/","title":{"rendered":"Schweden: Nach Unfall wurden vier AKWs vom Netz genommen"},"content":{"rendered":"<p><b>In Schweden sind seit Donnerstag vier der zehn AKWs im Lande nicht mehr am Netz. Dieser Schritt erfolgte vorsorglich, nachdem sich in der vergangenen Woche im schwedischen AKW in Forsmark ein schwerwiegender Unfall ereignet hat. Die jetzt vom Netz genommenen Atomkraftwerke sind bau\u00e4hnlich zum Reaktor in Forsmark.<\/b><\/p>\n<div>\n<div class=\"events-box small-box left\">\n<div class=\"frame\">\n        <a class=\"open-img EnlargeImage\" href=\"https:\/\/www.greenpeace.ch\/static\/planet4-switzerland-stateless\/2019\/05\/690c86c0-690c86c0-pic130.jpg\" title=\"\"><br \/>\n            <img decoding=\"async\" id=\"ctl00_cphContentArea_Property3_ctl00_ctl02_Image1\" class=\"Thumbnail\" src=\"https:\/\/www.greenpeace.ch\/static\/planet4-switzerland-stateless\/2019\/05\/690c86c0-690c86c0-pic130.jpg\" alt=\"\" style=\"border-width:0px;\"><\/p>\n<p>        <\/a>\n    <\/div>\n<div class=\"events-content no-title\">\n        <span class=\"date\"><\/span><br \/>\n        <strong><\/strong><\/p>\n<p>\n            \u00a9 Linus Svensson \/ Greenpeace\n        <\/p>\n<\/p>\n<\/div>\n<\/div>\n<p class=\"bodytext\">Z\u00fcrich\/Hamburg. \u00abDas Atomkraftwerk ist durch den St\u00f6rfall fast zwanzig Minuten lang ohne echte Kontrolle gewesen, bis die Belegschaft den Betrieb des Kraftwerks manuell wieder in den Griff bekam\u00bb, erkl\u00e4rt Heinz Smital, Atomexperte bei Greenpeace Deutschland. Ein fr\u00fcherer Direktor der Staatlichen Kernkraftinspektion in Schweden (SKI) hat am Mittwoch selbst davon gesprochen, dass es \u00abnur mit purem Gl\u00fcck nicht zu einer Kernschmelze gekommen ist\u00bb.<\/p>\n<p>Ursache f\u00fcr den schwerwiegenden St\u00f6rfall war ein Kurzschluss auSSerhalb des AKW, der die normale Stromversorgung des AKW unterbrach. Dabei kam es auch zu einem Versagen der Notstromversorgung im Kraftwerk. Vier starke Batterien h\u00e4tten in einem solchen Fall von vier Dieselgeneratoren gespeist werden m\u00fcssen und die Steuerzentrale des AKWs versorgen sollen.<\/p>\n<p>In Forsmark haben zwei dieser vier Stromsysteme nicht funktioniert, so dass f\u00fcr einen Zeitraum von zwanzig Minuten die elektronische \u00dcberwachung des Reaktors ausgefallen war. Die Bedienungsmannschaft musste also blind agieren.<\/p>\n<p>Als Reaktion auf den St\u00f6rfall fordert Greenpeace die sofortige \u00dcberpr\u00fcfung der Schweizer Atomkraftwerke.<\/p>\n<ul class=\"action-items\">\n<li><a class=\"normal\" href=\"http:\/\/www.greenpeace.de\/themen\/atomkraft\/nachrichten\/artikel\/schweden_nach_unfall_wurden_vier_akw_vom_netz_genommen\/\" target=\"_blank\" rel=\"noopener noreferrer\">Mehr zum Unfall bei Greenpeace.de<\/a><\/li>\n<\/ul>\n<\/div>\n","protected":false},"excerpt":{"rendered":"<p>In Schweden sind seit Donnerstag vier der zehn AKWs im Lande nicht mehr am Netz. Dieser Schritt erfolgte vorsorglich, nachdem sich in der vergangenen Woche im schwedischen AKW in Forsmark&hellip;<\/p>\n","protected":false},"author":23,"featured_media":19037,"comment_status":"closed","ping_status":"open","sticky":false,"template":"","format":"standard","meta":{"_acf_changed":false,"_planet4_optimize_post_is_variant":false,"_planet4_optimize_experiment_name":"","_planet4_optimize_variant_name":"","ep_exclude_from_search":false,"p4_og_title":"","p4_og_description":"","p4_og_image":"","p4_og_image_id":"","p4_seo_canonical_url":"","p4_campaign_name":"","p4_local_project":"","p4_basket_name":"","p4_department":"","footnotes":""},"categories":[1],"tags":[],"p4-page-type":[75],"gpch-article-type":[],"class_list":["post-19035","post","type-post","status-publish","format-standard","has-post-thumbnail","hentry","category-unkategorisiert","p4-page-type-story"],"acf":[],"_links":{"self":[{"href":"https:\/\/www.greenpeace.ch\/de\/wp-json\/wp\/v2\/posts\/19035","targetHints":{"allow":["GET"]}}],"collection":[{"href":"https:\/\/www.greenpeace.ch\/de\/wp-json\/wp\/v2\/posts"}],"about":[{"href":"https:\/\/www.greenpeace.ch\/de\/wp-json\/wp\/v2\/types\/post"}],"author":[{"embeddable":true,"href":"https:\/\/www.greenpeace.ch\/de\/wp-json\/wp\/v2\/users\/23"}],"replies":[{"embeddable":true,"href":"https:\/\/www.greenpeace.ch\/de\/wp-json\/wp\/v2\/comments?post=19035"}],"version-history":[{"count":0,"href":"https:\/\/www.greenpeace.ch\/de\/wp-json\/wp\/v2\/posts\/19035\/revisions"}],"wp:featuredmedia":[{"embeddable":true,"href":"https:\/\/www.greenpeace.ch\/de\/wp-json\/wp\/v2\/media\/19037"}],"wp:attachment":[{"href":"https:\/\/www.greenpeace.ch\/de\/wp-json\/wp\/v2\/media?parent=19035"}],"wp:term":[{"taxonomy":"category","embeddable":true,"href":"https:\/\/www.greenpeace.ch\/de\/wp-json\/wp\/v2\/categories?post=19035"},{"taxonomy":"post_tag","embeddable":true,"href":"https:\/\/www.greenpeace.ch\/de\/wp-json\/wp\/v2\/tags?post=19035"},{"taxonomy":"p4-page-type","embeddable":true,"href":"https:\/\/www.greenpeace.ch\/de\/wp-json\/wp\/v2\/p4-page-type?post=19035"},{"taxonomy":"gpch-article-type","embeddable":true,"href":"https:\/\/www.greenpeace.ch\/de\/wp-json\/wp\/v2\/gpch-article-type?post=19035"}],"curies":[{"name":"wp","href":"https:\/\/api.w.org\/{rel}","templated":true}]}}