{"id":19043,"date":"2006-07-30T00:00:00","date_gmt":"2006-07-29T22:00:00","guid":{"rendered":"https:\/\/master.greenpeace.ch\/beitrag\/19043\/umweltkatastrophe-durch-krieg\/"},"modified":"2019-05-30T14:43:39","modified_gmt":"2019-05-30T12:43:39","slug":"umweltkatastrophe-durch-krieg","status":"publish","type":"post","link":"https:\/\/www.greenpeace.ch\/de\/story\/19043\/umweltkatastrophe-durch-krieg\/","title":{"rendered":"Umweltkatastrophe durch Krieg"},"content":{"rendered":"<p><b>Vor Libanon liegt nach Bombardierungen ein riesiger \u00d6lteppich<\/b><\/p>\n<div>\n<div class=\"events-box small-box left\">\n<div class=\"frame\">\n        <a class=\"open-img EnlargeImage\" href=\"https:\/\/www.greenpeace.ch\/static\/planet4-switzerland-stateless\/2019\/05\/0a8b97d9-0a8b97d9-pic132_01.jpg\" title=\"\"><br \/>\n            <img decoding=\"async\" id=\"ctl00_cphContentArea_Property3_ctl00_ctl01_Image1\" class=\"Thumbnail\" src=\"https:\/\/www.greenpeace.ch\/static\/planet4-switzerland-stateless\/2019\/05\/0a8b97d9-0a8b97d9-pic132_01.jpg\" alt=\"\" style=\"border-width:0px;\"><\/p>\n<p>        <\/a>\n    <\/div>\n<div class=\"events-content no-title\">\n        <span class=\"date\"><\/span><br \/>\n        <strong><\/strong><\/p>\n<p>\n            \u00a9 bloggingbeirut.com\n        <\/p>\n<\/p>\n<\/div>\n<\/div>\n<p class=\"bodytext\"><strong>Zu der ohnehin schon angespannten Lage<br \/>\nim Libanon durch den Krieg zwischen Hisbollah und Israel kommt noch<br \/>\neine Umweltkatastrophe. Bereits am 13. und 15. Juli bombardierte<br \/>\ndas israelische Milit\u00e4r das Elektrizit\u00e4tswerk von Jiyeh, s\u00fcdlich<br \/>\nvon Beirut und traf f\u00fcnf der sechs \u00d6ltanks. Bislang sind zwischen<br \/>\n10 000 und 30 000 Tonnen \u00d6l ausgelaufen. Es ist die gr\u00f6sste<br \/>\nUmweltkatastrophe in der Geschichte des Libanon und eine mit der<br \/>\ndas Land nach eigenen Angaben schon in Friedenszeiten nicht umgehen<br \/>\nk\u00f6nnte.<\/strong><\/p>\n<p>Z\u00fcrich. Die Ausr\u00fcstung im Land sei nur f\u00fcr kleinere \u00d6lunf\u00e4lle<br \/>\nvon bis zu 50 Tonnen geeignet, sagte der Umweltminister Yacoub al<br \/>\nSarraf der Nachrichtenagentur Reuters. Die Kosten f\u00fcr die<br \/>\nS\u00e4uberungsarbeiten des jetzigen \u00d6lteppichs sch\u00e4tzte er auf 40 bis<br \/>\n50 Millionen Dollar. Libanon hat in Kuweit um Unterst\u00fctzung gebeten<br \/>\nund diese auch gew\u00e4hrt bekommen. Allerdings blockiert Israel sowohl<br \/>\ndie See- als auch die Flugh\u00e4fen, so dass das dringend ben\u00f6tigte<br \/>\nMaterial bis zum Ende der Kampfhandlungen nicht ins Land kommen<br \/>\nkann.<\/p>\n<p>Ein Grossteil des \u00d6ls ist ins Meer gelaufen und treibt die K\u00fcste<br \/>\ndes Levante-Staats entlang. Zu dem Diesel\u00f6l aus den Tanks des<br \/>\nElektrizit\u00e4tswerks kommen noch kleinere Mengen Schiffsdiesel von<br \/>\neinem israelischen Kriegsschiff und einem \u00e4gyptischen<br \/>\nHandelsschiff, die bei K\u00e4mpfen zwischen der israelischen Marine und<br \/>\nder Hisbollah besch\u00e4digt wurden.<\/p>\n<p>Nach unbest\u00e4tigten Angaben hat sich der \u00d6lteppich bereits auf<br \/>\nrund 60 Prozent der K\u00fcste ausgedehnt und ist schon bis Syrien<br \/>\nvorgedrungen. Die K\u00fcste ist ein wichtiges Aufzuchtgebiet f\u00fcr Fische<br \/>\nund Meeresschildkr\u00f6ten, darunter die bedrohten Suppenschildkr\u00f6ten.<br \/>\nF\u00fcr die Schildkr\u00f6ten ist im Juli die Zeit zum Schl\u00fcpfen. Wenn das<br \/>\n\u00d6l ihren Weg ins Wasser blockiert, werden sie nach Meinung lokaler<br \/>\nUmweltsch\u00fctzer nicht \u00fcberleben.<\/p>\n<p>Wenn weiter keine Ma\u00dfnahmen eingeleitet werden k\u00f6nnen, um die<br \/>\nVerschmutzung einzud\u00e4mmen, wird davon ausgegangen, dass das \u00d6l in<br \/>\nK\u00fcrze auch die K\u00fcsten der T\u00fcrkei, Zyperns und Griechenlands<br \/>\nerreicht.<\/p>\n<p class=\"bodytext\"><strong>Updates<\/strong><\/p>\n<ul class=\"action-items\">\n<li><a href=\"http:\/\/www.greenpeace.de\/themen\/oel\/nachrichten\/artikel\/mit_jedem_tropfen\/\" target=\"new\" class=\"normal\" rel=\"noopener noreferrer\">1. August 2006: J\u00f6rg Feddern,<br \/>\nEnergieexperte bei Greenpeace Deutschland zur Umweltkatastrophe vor<br \/>\nLibanon (greenpeace.de)<\/a><\/li>\n<\/ul>\n<p class=\"bodytext\">\u00a0<\/p>\n<p class=\"bodytext\">\u00a0<\/p>\n<\/div>\n","protected":false},"excerpt":{"rendered":"<p>Vor Libanon liegt nach Bombardierungen ein riesiger \u00d6lteppich \u00a9 bloggingbeirut.com Zu der ohnehin schon angespannten Lage im Libanon durch den Krieg zwischen Hisbollah und Israel kommt noch eine Umweltkatastrophe. Bereits&hellip;<\/p>\n","protected":false},"author":23,"featured_media":19045,"comment_status":"closed","ping_status":"open","sticky":false,"template":"","format":"standard","meta":{"_acf_changed":false,"_planet4_optimize_post_is_variant":false,"_planet4_optimize_experiment_name":"","_planet4_optimize_variant_name":"","ep_exclude_from_search":false,"p4_og_title":"","p4_og_description":"","p4_og_image":"","p4_og_image_id":"","p4_seo_canonical_url":"","p4_campaign_name":"","p4_local_project":"","p4_basket_name":"","p4_department":"","footnotes":""},"categories":[1],"tags":[],"p4-page-type":[75],"gpch-article-type":[],"class_list":["post-19043","post","type-post","status-publish","format-standard","has-post-thumbnail","hentry","category-unkategorisiert","p4-page-type-story"],"acf":[],"_links":{"self":[{"href":"https:\/\/www.greenpeace.ch\/de\/wp-json\/wp\/v2\/posts\/19043","targetHints":{"allow":["GET"]}}],"collection":[{"href":"https:\/\/www.greenpeace.ch\/de\/wp-json\/wp\/v2\/posts"}],"about":[{"href":"https:\/\/www.greenpeace.ch\/de\/wp-json\/wp\/v2\/types\/post"}],"author":[{"embeddable":true,"href":"https:\/\/www.greenpeace.ch\/de\/wp-json\/wp\/v2\/users\/23"}],"replies":[{"embeddable":true,"href":"https:\/\/www.greenpeace.ch\/de\/wp-json\/wp\/v2\/comments?post=19043"}],"version-history":[{"count":0,"href":"https:\/\/www.greenpeace.ch\/de\/wp-json\/wp\/v2\/posts\/19043\/revisions"}],"wp:featuredmedia":[{"embeddable":true,"href":"https:\/\/www.greenpeace.ch\/de\/wp-json\/wp\/v2\/media\/19045"}],"wp:attachment":[{"href":"https:\/\/www.greenpeace.ch\/de\/wp-json\/wp\/v2\/media?parent=19043"}],"wp:term":[{"taxonomy":"category","embeddable":true,"href":"https:\/\/www.greenpeace.ch\/de\/wp-json\/wp\/v2\/categories?post=19043"},{"taxonomy":"post_tag","embeddable":true,"href":"https:\/\/www.greenpeace.ch\/de\/wp-json\/wp\/v2\/tags?post=19043"},{"taxonomy":"p4-page-type","embeddable":true,"href":"https:\/\/www.greenpeace.ch\/de\/wp-json\/wp\/v2\/p4-page-type?post=19043"},{"taxonomy":"gpch-article-type","embeddable":true,"href":"https:\/\/www.greenpeace.ch\/de\/wp-json\/wp\/v2\/gpch-article-type?post=19043"}],"curies":[{"name":"wp","href":"https:\/\/api.w.org\/{rel}","templated":true}]}}