{"id":19063,"date":"2006-07-26T00:00:00","date_gmt":"2006-07-25T22:00:00","guid":{"rendered":"https:\/\/master.greenpeace.ch\/beitrag\/19063\/gentech-feld-mit-riesigem-kreuz-markiert\/"},"modified":"2019-05-30T14:44:09","modified_gmt":"2019-05-30T12:44:09","slug":"gentech-feld-mit-riesigem-kreuz-markiert","status":"publish","type":"post","link":"https:\/\/www.greenpeace.ch\/de\/story\/19063\/gentech-feld-mit-riesigem-kreuz-markiert\/","title":{"rendered":"Gentech-Feld mit riesigem Kreuz markiert"},"content":{"rendered":"<p><b>In der Nacht von Mittwoch auf heute Donnerstag hat Greenpeace bei Gr\u00e9zet-Cavagnan in Frankreich ein Gentech-Maisfeld mit einem gigantischen Kreuz markiert. Entdeckt worden war das Feld von Freiwilligen der Umweltschutzorganisation. Erst gestern war diese gerichtlich dazu gezwungen worden, eine Karte von ihrer Internetseite zu entfernen, die s\u00e4mtliche Gentech-Felder in Frankreich ausweist. Mit der heutigen Aktion zeigt Greenpeace, dass sie weiterhin alles tun wird, um die \u00d6ffentlichkeit zu informieren.<\/b><\/p>\n<div>\n<div class=\"events-box small-box left\">\n<div class=\"frame\">\n        <a class=\"open-img EnlargeImage\" href=\"https:\/\/www.greenpeace.ch\/static\/planet4-switzerland-stateless\/2019\/05\/787530fd-787530fd-pic133.jpg\" title=\"\"><br \/>\n            <img decoding=\"async\" id=\"ctl00_cphContentArea_Property3_ctl00_ctl01_Image1\" class=\"Thumbnail\" src=\"https:\/\/www.greenpeace.ch\/static\/planet4-switzerland-stateless\/2019\/05\/787530fd-787530fd-pic133.jpg\" alt=\"\" style=\"border-width:0px;\"><\/p>\n<p>        <\/a>\n    <\/div>\n<div class=\"events-content no-title\">\n        <span class=\"date\"><\/span><br \/>\n        <strong><\/strong><\/p>\n<p>\n            \u00a9 Yann Arthus Bertrand \/ Greenpeace\n        <\/p>\n<\/p>\n<\/div>\n<\/div>\n<p class=\"bodytext\">Z\u00fcrich\/Paris. \u00abDiese Markierung ist Symbol und<br \/>\nkonkrete Aktion zugleich. Sie brandmarkt den mangelnden Respekt der<br \/>\nfranz\u00f6sischen Regierung: gegen\u00fcber dem europ\u00e4ischen Recht, das von<br \/>\nihr verlangt, die \u00d6ffentlichkeit \u00fcber neue Gentech-Felder zu<br \/>\ninformieren. Aber auch gegen\u00fcber den B\u00fcrgern und insbesondere den<br \/>\nBauern, denen sie keine Mittel in die Hand gibt, um sich vor<br \/>\nGentech-Verunreinigung zu sch\u00fctzen\u00bb, sagt Arnaud Apoteker,<br \/>\nVerantwortlicher der Gentech-Kampagne bei Greenpeace<br \/>\nFrankreich.<\/p>\n<p>F\u00fcr das Aktions-Bild zeichnet der ber\u00fchmte Fotograf Yann Arthus<br \/>\nBertrand verantwortlich. \u00abOb ich f\u00fcr oder gegen den Einsatz von<br \/>\nGentechnologie bin, ist unwichtig. Ich war einverstanden, dieses<br \/>\nBild zu machen, weil ich glaube, dass eine echte Debatte zum Thema<br \/>\nGentechnologie \u00fcberf\u00e4llig ist.\u00bb<\/p>\n<ul class=\"action-items\">\n<li><a href=\"http:\/\/www.greenpeace.org\/international\/news\/crop-circle-270706\" target=\"_blank\" class=\"normal\" rel=\"noopener noreferrer\">Mehr zur Aktion bei Greenpeace<br \/>\nInternational (Engl.)<\/a><\/li>\n<\/ul>\n<\/div>\n","protected":false},"excerpt":{"rendered":"<p>In der Nacht von Mittwoch auf heute Donnerstag hat Greenpeace bei Gr\u00e9zet-Cavagnan in Frankreich ein Gentech-Maisfeld mit einem gigantischen Kreuz markiert. Entdeckt worden war das Feld von Freiwilligen der Umweltschutzorganisation.&hellip;<\/p>\n","protected":false},"author":23,"featured_media":19065,"comment_status":"closed","ping_status":"open","sticky":false,"template":"","format":"standard","meta":{"_acf_changed":false,"_planet4_optimize_post_is_variant":false,"_planet4_optimize_experiment_name":"","_planet4_optimize_variant_name":"","ep_exclude_from_search":false,"p4_og_title":"","p4_og_description":"","p4_og_image":"","p4_og_image_id":"","p4_seo_canonical_url":"","p4_campaign_name":"","p4_local_project":"","p4_basket_name":"","p4_department":"","footnotes":""},"categories":[1],"tags":[],"p4-page-type":[75],"gpch-article-type":[],"class_list":["post-19063","post","type-post","status-publish","format-standard","has-post-thumbnail","hentry","category-unkategorisiert","p4-page-type-story"],"acf":[],"_links":{"self":[{"href":"https:\/\/www.greenpeace.ch\/de\/wp-json\/wp\/v2\/posts\/19063","targetHints":{"allow":["GET"]}}],"collection":[{"href":"https:\/\/www.greenpeace.ch\/de\/wp-json\/wp\/v2\/posts"}],"about":[{"href":"https:\/\/www.greenpeace.ch\/de\/wp-json\/wp\/v2\/types\/post"}],"author":[{"embeddable":true,"href":"https:\/\/www.greenpeace.ch\/de\/wp-json\/wp\/v2\/users\/23"}],"replies":[{"embeddable":true,"href":"https:\/\/www.greenpeace.ch\/de\/wp-json\/wp\/v2\/comments?post=19063"}],"version-history":[{"count":0,"href":"https:\/\/www.greenpeace.ch\/de\/wp-json\/wp\/v2\/posts\/19063\/revisions"}],"wp:featuredmedia":[{"embeddable":true,"href":"https:\/\/www.greenpeace.ch\/de\/wp-json\/wp\/v2\/media\/19065"}],"wp:attachment":[{"href":"https:\/\/www.greenpeace.ch\/de\/wp-json\/wp\/v2\/media?parent=19063"}],"wp:term":[{"taxonomy":"category","embeddable":true,"href":"https:\/\/www.greenpeace.ch\/de\/wp-json\/wp\/v2\/categories?post=19063"},{"taxonomy":"post_tag","embeddable":true,"href":"https:\/\/www.greenpeace.ch\/de\/wp-json\/wp\/v2\/tags?post=19063"},{"taxonomy":"p4-page-type","embeddable":true,"href":"https:\/\/www.greenpeace.ch\/de\/wp-json\/wp\/v2\/p4-page-type?post=19063"},{"taxonomy":"gpch-article-type","embeddable":true,"href":"https:\/\/www.greenpeace.ch\/de\/wp-json\/wp\/v2\/gpch-article-type?post=19063"}],"curies":[{"name":"wp","href":"https:\/\/api.w.org\/{rel}","templated":true}]}}