{"id":19087,"date":"2006-07-12T00:00:00","date_gmt":"2006-07-11T22:00:00","guid":{"rendered":"https:\/\/master.greenpeace.ch\/beitrag\/19087\/importfleisch-aus-gentech-fuetterung-greenpeace-aktivistinnen-raeumen-migros-regale-aus\/"},"modified":"2019-05-30T14:44:44","modified_gmt":"2019-05-30T12:44:44","slug":"importfleisch-aus-gentech-fuetterung-greenpeace-aktivistinnen-raeumen-migros-regale-aus","status":"publish","type":"post","link":"https:\/\/www.greenpeace.ch\/de\/story\/19087\/importfleisch-aus-gentech-fuetterung-greenpeace-aktivistinnen-raeumen-migros-regale-aus\/","title":{"rendered":"Importfleisch aus Gentech-F\u00fctterung? Greenpeace-AktivistInnen r\u00e4umen Migros-Regale aus"},"content":{"rendered":"<p><b>Greenpeace-AktivistInnen r\u00e4umen Migros-Regale aus<\/b><\/p>\n<div>\n<div class=\"events-box small-box left\">\n<div class=\"frame\">\n        <a class=\"open-img EnlargeImage\" href=\"https:\/\/www.greenpeace.ch\/static\/planet4-switzerland-stateless\/2019\/05\/2876a9cb-2876a9cb-pic139_01.jpg\" title=\"\"><br \/>\n            <img decoding=\"async\" id=\"ctl00_cphContentArea_Property3_ctl00_ctl01_Image1\" class=\"Thumbnail\" src=\"https:\/\/www.greenpeace.ch\/static\/planet4-switzerland-stateless\/2019\/05\/2876a9cb-2876a9cb-pic139_01.jpg\" alt=\"\" style=\"border-width:0px;\"><\/p>\n<p>        <\/a>\n    <\/div>\n<div class=\"events-content no-title\">\n        <span class=\"date\"><\/span><br \/>\n        <strong><\/strong><\/p>\n<p>\n            \u00a9 Greenpeace\n        <\/p>\n<\/p>\n<\/div>\n<\/div>\n<p class=\"bodytext\"><strong>Zur Grillsaison haben<br \/>\nGreenpeace-AktivistInnen am Migros-Hauptsitz Fleischregale<br \/>\nausger\u00e4umt. Viele Fleischprodukte stammen aus L\u00e4ndern, in denen<br \/>\ngrosse Mengen Gentech-Futtermittel eingesetzt werden. Migros hat<br \/>\nbis heute keine Gentechfrei-Richtlinien f\u00fcr importierte tierische<br \/>\nProdukte erstellt.<\/strong><\/p>\n<p class=\"bodytext\">Heute fr\u00fch haben Greenpeace-AktivistInnen am<br \/>\nMigros-Hauptsitz am Limmatplatz in Z\u00fcrich importierte Fleisch- und<br \/>\ninsbesondere Gefl\u00fcgelprodukte aus den Regalen genommen, in<br \/>\nEinkaufswagen gef\u00fcllt und beim Management des orangen Riesen<br \/>\ndeponiert. \u00abImportfleisch aus Gentech-F\u00fctterung? Nein Danke!\u00bb steht<br \/>\nauf den Aktionstafeln. Damit fordern die AktivistInnen von der<br \/>\nMigros Klarheit: Der Grossverteiler kann selber keine Garantie<br \/>\nabgeben, dass die von ihm verkauften Fleischprodukte gentechfrei<br \/>\nsind. Denn nicht alle ausl\u00e4ndischen Lieferanten setzen auf<br \/>\nGentechfreiheit.<\/p>\n<ul class=\"action-items\">\n<li><a href=\"https:\/\/www.greenpeace.ch\/wp-content\/uploads\/2017\/01\/umfrage.pdf\" title=\"Startet den Datei-Download\" target=\"_self\" rel=\"noopener noreferrer\">Umfrage:<br \/>\nAkzeptanz Gentech-Lebensmittel (download 60kb)<\/a><\/li>\n<li><a href=\"https:\/\/www.greenpeace.ch\/wp-content\/uploads\/2017\/01\/hintergrund_tierfutter.pdf\" title=\"Startet den Datei-Download\" target=\"_self\" rel=\"noopener noreferrer\">Greenpeace-Hintergrund zu Gentech-Futtermittel<br \/>\n(engl.\/download 81kb)<\/a><\/li>\n<\/ul>\n<\/div>\n","protected":false},"excerpt":{"rendered":"<p>Greenpeace-AktivistInnen r\u00e4umen Migros-Regale aus \u00a9 Greenpeace Zur Grillsaison haben Greenpeace-AktivistInnen am Migros-Hauptsitz Fleischregale ausger\u00e4umt. Viele Fleischprodukte stammen aus L\u00e4ndern, in denen grosse Mengen Gentech-Futtermittel eingesetzt werden. Migros hat bis heute&hellip;<\/p>\n","protected":false},"author":23,"featured_media":19089,"comment_status":"closed","ping_status":"open","sticky":false,"template":"","format":"standard","meta":{"_acf_changed":false,"_planet4_optimize_post_is_variant":false,"_planet4_optimize_experiment_name":"","_planet4_optimize_variant_name":"","ep_exclude_from_search":false,"p4_og_title":"","p4_og_description":"","p4_og_image":"","p4_og_image_id":"","p4_seo_canonical_url":"","p4_campaign_name":"","p4_local_project":"","p4_basket_name":"","p4_department":"","footnotes":""},"categories":[1],"tags":[],"p4-page-type":[75],"gpch-article-type":[],"class_list":["post-19087","post","type-post","status-publish","format-standard","has-post-thumbnail","hentry","category-unkategorisiert","p4-page-type-story"],"acf":[],"_links":{"self":[{"href":"https:\/\/www.greenpeace.ch\/de\/wp-json\/wp\/v2\/posts\/19087","targetHints":{"allow":["GET"]}}],"collection":[{"href":"https:\/\/www.greenpeace.ch\/de\/wp-json\/wp\/v2\/posts"}],"about":[{"href":"https:\/\/www.greenpeace.ch\/de\/wp-json\/wp\/v2\/types\/post"}],"author":[{"embeddable":true,"href":"https:\/\/www.greenpeace.ch\/de\/wp-json\/wp\/v2\/users\/23"}],"replies":[{"embeddable":true,"href":"https:\/\/www.greenpeace.ch\/de\/wp-json\/wp\/v2\/comments?post=19087"}],"version-history":[{"count":0,"href":"https:\/\/www.greenpeace.ch\/de\/wp-json\/wp\/v2\/posts\/19087\/revisions"}],"wp:featuredmedia":[{"embeddable":true,"href":"https:\/\/www.greenpeace.ch\/de\/wp-json\/wp\/v2\/media\/19089"}],"wp:attachment":[{"href":"https:\/\/www.greenpeace.ch\/de\/wp-json\/wp\/v2\/media?parent=19087"}],"wp:term":[{"taxonomy":"category","embeddable":true,"href":"https:\/\/www.greenpeace.ch\/de\/wp-json\/wp\/v2\/categories?post=19087"},{"taxonomy":"post_tag","embeddable":true,"href":"https:\/\/www.greenpeace.ch\/de\/wp-json\/wp\/v2\/tags?post=19087"},{"taxonomy":"p4-page-type","embeddable":true,"href":"https:\/\/www.greenpeace.ch\/de\/wp-json\/wp\/v2\/p4-page-type?post=19087"},{"taxonomy":"gpch-article-type","embeddable":true,"href":"https:\/\/www.greenpeace.ch\/de\/wp-json\/wp\/v2\/gpch-article-type?post=19087"}],"curies":[{"name":"wp","href":"https:\/\/api.w.org\/{rel}","templated":true}]}}