{"id":19139,"date":"2006-05-23T00:00:00","date_gmt":"2006-05-22T22:00:00","guid":{"rendered":"https:\/\/master.greenpeace.ch\/beitrag\/19139\/illegale-fischerei-bedroht-thunfische-im-mittelmeer\/"},"modified":"2019-05-30T14:46:05","modified_gmt":"2019-05-30T12:46:05","slug":"illegale-fischerei-bedroht-thunfische-im-mittelmeer","status":"publish","type":"post","link":"https:\/\/www.greenpeace.ch\/de\/story\/19139\/illegale-fischerei-bedroht-thunfische-im-mittelmeer\/","title":{"rendered":"Illegale Fischerei bedroht Thunfische im Mittelmeer"},"content":{"rendered":"<p><b>Der Blauflossenthunfisch im Mittelmeer steht am Rand des kommerziellen Aussterbens! Schuld daran sind skrupellose Piratenfischer sowie das Missmanagement der Fischerei-Industrie und der Politik. Dies zeigt der Greenpeace-Report \u00abWohin sind die Thunfische verschwunden?\u00bb. 90 Prozent der urspr\u00fcnglichen Raubfisch-Best\u00e4nde sind ausgestorben. Zu ihnen geh\u00f6rt neben Hai, Kabeljau und Schwertfisch auch der Thunfisch.<\/b><\/p>\n<div>\n<div class=\"events-box small-box left\">\n<div class=\"frame\">\n        <a class=\"open-img EnlargeImage\" href=\"https:\/\/www.greenpeace.ch\/static\/planet4-switzerland-stateless\/2019\/05\/d1b83b3b-d1b83b3b-pic163_01.jpg\" title=\"\"><br \/>\n            <img decoding=\"async\" id=\"ctl00_cphContentArea_Property3_ctl00_ctl01_Image1\" class=\"Thumbnail\" src=\"https:\/\/www.greenpeace.ch\/static\/planet4-switzerland-stateless\/2019\/05\/d1b83b3b-d1b83b3b-pic163_01.jpg\" alt=\"\" style=\"border-width:0px;\"><\/p>\n<p>        <\/a>\n    <\/div>\n<div class=\"events-content no-title\">\n        <span class=\"date\"><\/span><br \/>\n        <strong><\/strong><\/p>\n<p>\n            \u00a9 Grace \/ Greenpeace\n        <\/p>\n<\/p>\n<\/div>\n<\/div>\n<p class=\"bodytext\">Barcelona\/Z\u00fcrich. Der heute publizierte<br \/>\nGreenpeace-Bericht beweist eindr\u00fccklich die Dringlichkeit von<br \/>\ngriffigen Massnahmen zum Schutz des Thunfisches und dessen<br \/>\nLaichgebieten. \u00abDie Thunfisch-Best\u00e4nde werden zum Teil illegal<br \/>\ngepl\u00fcndert, um die Interessen der Thunfischzucht-Industrie zu<br \/>\nbefriedigen\u00bb, sagt der Schweizer Aktivist Daniel Costantino an Bord<br \/>\ndes Greenpeace-Schiffes \u00abEsperanza\u00bb in Barcelona. \u00abEs ist grotesk,<br \/>\ndass die T\u00e4ter, die meist aus Mittelmeer-L\u00e4ndern wie Spanien,<br \/>\nItalien oder Frankreich kommen, von der EU massiv subventioniert<br \/>\nwerden\u00bb.<\/p>\n<ul class=\"action-items\">\n<li><a href=\"http:\/\/www.sosweltmeer.org\/\" target=\"sos\" class=\"normal\" rel=\"noopener noreferrer\">Werden Sie Meeressch\u00fctzer!<\/a><\/li>\n<li><a href=\"http:\/\/weblogs.greenpeace.ch\/sosweltmeer\" target=\"_blank\" class=\"normal\" rel=\"noopener noreferrer\">Zum Weblog des Schweizer Aktivisten<br \/>\nDaniel Costantino<\/a><\/li>\n<\/ul>\n<\/div>\n","protected":false},"excerpt":{"rendered":"<p>Der Blauflossenthunfisch im Mittelmeer steht am Rand des kommerziellen Aussterbens! Schuld daran sind skrupellose Piratenfischer sowie das Missmanagement der Fischerei-Industrie und der Politik. Dies zeigt der Greenpeace-Report \u00abWohin sind die&hellip;<\/p>\n","protected":false},"author":23,"featured_media":19141,"comment_status":"closed","ping_status":"open","sticky":false,"template":"","format":"standard","meta":{"_acf_changed":false,"_planet4_optimize_post_is_variant":false,"_planet4_optimize_experiment_name":"","_planet4_optimize_variant_name":"","ep_exclude_from_search":false,"p4_og_title":"","p4_og_description":"","p4_og_image":"","p4_og_image_id":"","p4_seo_canonical_url":"","p4_campaign_name":"","p4_local_project":"","p4_basket_name":"","p4_department":"","footnotes":""},"categories":[1],"tags":[],"p4-page-type":[75],"gpch-article-type":[],"class_list":["post-19139","post","type-post","status-publish","format-standard","has-post-thumbnail","hentry","category-unkategorisiert","p4-page-type-story"],"acf":[],"_links":{"self":[{"href":"https:\/\/www.greenpeace.ch\/de\/wp-json\/wp\/v2\/posts\/19139","targetHints":{"allow":["GET"]}}],"collection":[{"href":"https:\/\/www.greenpeace.ch\/de\/wp-json\/wp\/v2\/posts"}],"about":[{"href":"https:\/\/www.greenpeace.ch\/de\/wp-json\/wp\/v2\/types\/post"}],"author":[{"embeddable":true,"href":"https:\/\/www.greenpeace.ch\/de\/wp-json\/wp\/v2\/users\/23"}],"replies":[{"embeddable":true,"href":"https:\/\/www.greenpeace.ch\/de\/wp-json\/wp\/v2\/comments?post=19139"}],"version-history":[{"count":0,"href":"https:\/\/www.greenpeace.ch\/de\/wp-json\/wp\/v2\/posts\/19139\/revisions"}],"wp:featuredmedia":[{"embeddable":true,"href":"https:\/\/www.greenpeace.ch\/de\/wp-json\/wp\/v2\/media\/19141"}],"wp:attachment":[{"href":"https:\/\/www.greenpeace.ch\/de\/wp-json\/wp\/v2\/media?parent=19139"}],"wp:term":[{"taxonomy":"category","embeddable":true,"href":"https:\/\/www.greenpeace.ch\/de\/wp-json\/wp\/v2\/categories?post=19139"},{"taxonomy":"post_tag","embeddable":true,"href":"https:\/\/www.greenpeace.ch\/de\/wp-json\/wp\/v2\/tags?post=19139"},{"taxonomy":"p4-page-type","embeddable":true,"href":"https:\/\/www.greenpeace.ch\/de\/wp-json\/wp\/v2\/p4-page-type?post=19139"},{"taxonomy":"gpch-article-type","embeddable":true,"href":"https:\/\/www.greenpeace.ch\/de\/wp-json\/wp\/v2\/gpch-article-type?post=19139"}],"curies":[{"name":"wp","href":"https:\/\/api.w.org\/{rel}","templated":true}]}}