{"id":19147,"date":"2006-05-14T00:00:00","date_gmt":"2006-05-13T22:00:00","guid":{"rendered":"https:\/\/master.greenpeace.ch\/beitrag\/19147\/eu-kommission-und-spanien-blockieren-grundschleppnetz-moratorium\/"},"modified":"2019-05-30T14:46:17","modified_gmt":"2019-05-30T12:46:17","slug":"eu-kommission-und-spanien-blockieren-grundschleppnetz-moratorium","status":"publish","type":"post","link":"https:\/\/www.greenpeace.ch\/de\/story\/19147\/eu-kommission-und-spanien-blockieren-grundschleppnetz-moratorium\/","title":{"rendered":"EU-Kommission und Spanien blockieren Grundschleppnetz-Moratorium"},"content":{"rendered":"<p><b>Mit diesem Netz k\u00f6nnte man einen mehrst\u00f6ckigen H\u00e4userblock einpacken: 70 Meter breit, 15 Meter hoch und 40 Meter lang &#8211; ein typisches Grundschleppnetz der kleineren Art. Am Montag wurden die Mitglieder der Arbeitsgruppe des EU-Rates zum Thema Hochsee-Grundschleppnetzfischerei in Br\u00fcssel damit an ihre Verantwortung erinnert. Greenpeace-Aktivisten hatten es vor dem Geb\u00e4ude der Europ\u00e4ischen Kommission errichtet, um so auf die sinnlose Zerst\u00f6rung der Tiefsee aufmerksam zu machen.<\/b><\/p>\n<div>\n<div class=\"events-box small-box left\">\n<div class=\"frame\">\n        <a class=\"open-img EnlargeImage\" href=\"https:\/\/www.greenpeace.ch\/static\/planet4-switzerland-stateless\/2019\/05\/eb12eb23-eb12eb23-pic166.jpg\" title=\"\"><br \/>\n            <img decoding=\"async\" id=\"ctl00_cphContentArea_Property3_ctl00_ctl01_Image1\" class=\"Thumbnail\" src=\"https:\/\/www.greenpeace.ch\/static\/planet4-switzerland-stateless\/2019\/05\/eb12eb23-eb12eb23-pic166.jpg\" alt=\"\" style=\"border-width:0px;\"><\/p>\n<p>        <\/a>\n    <\/div>\n<div class=\"events-content no-title\">\n        <span class=\"date\"><\/span><br \/>\n        <strong><\/strong><\/p>\n<p>\n            \u00a9 Greenpeace\n        <\/p>\n<\/p>\n<\/div>\n<\/div>\n<p class=\"bodytext\">Br\u00fcssel\/Z\u00fcrich. Mit einem Grundschleppnetz wird<br \/>\nder Meeresboden regelrecht umgepfl\u00fcgt. Nach dem ein Netz vorbeizog,<br \/>\nbleibt nur noch eine \u00f6de W\u00fcste zur\u00fcck. Deshalb sind die<br \/>\nEU-Mitgliedsl\u00e4ndern aufgefordert, die Zerst\u00f6rung der Tiefsee zu<br \/>\nstoppen. Eine Forderung, die von vielen Menschen unterst\u00fctzt wird:<br \/>\nSo haben Greenpeace-Aktivisten 65.000 gesammelte Unterschriften f\u00fcr<br \/>\ndie Arbeitgruppe \u00fcberreicht.<\/p>\n<p class=\"bodytext\">\u00abVerantwortung daf\u00fcr tragen alle EU-L\u00e4nder,<br \/>\nallen voran Fischfangnationen wie Spanien. Ein Moratorium, ein<br \/>\nSofortverbot der Grundschleppnetzfischerei auf der hohen See, ist<br \/>\ndie einzige Chance, das Leben dort unten f\u00fcr die Menschheit zu<br \/>\nerhalten,\u00bb Greenpeace-Meeresbiologin Iris Menn. \u00abSeit zwei Jahren<br \/>\nversprechen die Europ\u00e4ischen Regierungen zu handeln, doch nichts<br \/>\npassiert.\u00bb<\/p>\n<ul>\n<li><a href=\"http:\/\/www.sosweltmeer.org\/\" target=\"sos\" class=\"normal\" rel=\"noopener noreferrer\">Werde Meeressch\u00fctzer!<\/a><\/li>\n<li><a href=\"http:\/\/weblog.greenpeace.org\/oceandefenders\/archive\/2006\/05\/slideshow_marine_treasure.html\" target=\"_blank\" class=\"normal\" rel=\"noopener noreferrer\">Beeindruckende Bilder aus der<br \/>\nTiefsee<\/a><\/li>\n<li><a href=\"http:\/\/www.greenpeace.de\/themen\/meere\/nachrichten\/artikel\/netze_verbinden_ausser_grundschleppnetze_die_zerstoeren\/\" target=\"gpd\" class=\"normal\" rel=\"noopener noreferrer\">Netze verbinden &#8211; ausser<br \/>\nGrundschleppnetze, die zerst\u00f6ren!<\/a><\/li>\n<\/ul>\n<\/div>\n","protected":false},"excerpt":{"rendered":"<p>Mit diesem Netz k\u00f6nnte man einen mehrst\u00f6ckigen H\u00e4userblock einpacken: 70 Meter breit, 15 Meter hoch und 40 Meter lang &#8211; ein typisches Grundschleppnetz der kleineren Art. Am Montag wurden die&hellip;<\/p>\n","protected":false},"author":23,"featured_media":19149,"comment_status":"closed","ping_status":"open","sticky":false,"template":"","format":"standard","meta":{"_acf_changed":false,"_planet4_optimize_post_is_variant":false,"_planet4_optimize_experiment_name":"","_planet4_optimize_variant_name":"","ep_exclude_from_search":false,"p4_og_title":"","p4_og_description":"","p4_og_image":"","p4_og_image_id":"","p4_seo_canonical_url":"","p4_campaign_name":"","p4_local_project":"","p4_basket_name":"","p4_department":"","footnotes":""},"categories":[1],"tags":[],"p4-page-type":[75],"gpch-article-type":[],"class_list":["post-19147","post","type-post","status-publish","format-standard","has-post-thumbnail","hentry","category-unkategorisiert","p4-page-type-story"],"acf":[],"_links":{"self":[{"href":"https:\/\/www.greenpeace.ch\/de\/wp-json\/wp\/v2\/posts\/19147","targetHints":{"allow":["GET"]}}],"collection":[{"href":"https:\/\/www.greenpeace.ch\/de\/wp-json\/wp\/v2\/posts"}],"about":[{"href":"https:\/\/www.greenpeace.ch\/de\/wp-json\/wp\/v2\/types\/post"}],"author":[{"embeddable":true,"href":"https:\/\/www.greenpeace.ch\/de\/wp-json\/wp\/v2\/users\/23"}],"replies":[{"embeddable":true,"href":"https:\/\/www.greenpeace.ch\/de\/wp-json\/wp\/v2\/comments?post=19147"}],"version-history":[{"count":0,"href":"https:\/\/www.greenpeace.ch\/de\/wp-json\/wp\/v2\/posts\/19147\/revisions"}],"wp:featuredmedia":[{"embeddable":true,"href":"https:\/\/www.greenpeace.ch\/de\/wp-json\/wp\/v2\/media\/19149"}],"wp:attachment":[{"href":"https:\/\/www.greenpeace.ch\/de\/wp-json\/wp\/v2\/media?parent=19147"}],"wp:term":[{"taxonomy":"category","embeddable":true,"href":"https:\/\/www.greenpeace.ch\/de\/wp-json\/wp\/v2\/categories?post=19147"},{"taxonomy":"post_tag","embeddable":true,"href":"https:\/\/www.greenpeace.ch\/de\/wp-json\/wp\/v2\/tags?post=19147"},{"taxonomy":"p4-page-type","embeddable":true,"href":"https:\/\/www.greenpeace.ch\/de\/wp-json\/wp\/v2\/p4-page-type?post=19147"},{"taxonomy":"gpch-article-type","embeddable":true,"href":"https:\/\/www.greenpeace.ch\/de\/wp-json\/wp\/v2\/gpch-article-type?post=19147"}],"curies":[{"name":"wp","href":"https:\/\/api.w.org\/{rel}","templated":true}]}}