{"id":19159,"date":"2006-05-11T00:00:00","date_gmt":"2006-05-10T22:00:00","guid":{"rendered":"https:\/\/master.greenpeace.ch\/beitrag\/19159\/mit-fallschirmspringer-gegen-die-urwaldzerstoerung\/"},"modified":"2019-05-30T14:46:31","modified_gmt":"2019-05-30T12:46:31","slug":"mit-fallschirmspringer-gegen-die-urwaldzerstoerung","status":"publish","type":"post","link":"https:\/\/www.greenpeace.ch\/de\/story\/19159\/mit-fallschirmspringer-gegen-die-urwaldzerstoerung\/","title":{"rendered":"Mit Fallschirmspringer gegen die Urwaldzerst\u00f6rung"},"content":{"rendered":"<p><b>Alles Gute kommt von oben. Das sahen die brasilianischen Soja-Farmer am Donnerstag allerdings nicht so. Als der Fallschirmspringer und Greenpeace-Aktivist, Lu\u00eds Sabi\u00e1, \u00fcber einem Soja-Feld bei Santar\u00e9m im Amazonas-Gebiet aus dem Flugzeug sprang, erwarteten ihn am Boden aufgebrachte Soja-Farmer. Mit der Fallschirmaufschrift \u00ab100% Crime\u00bb hatte Greenpeace auf die Urwaldzerst\u00f6rung durch den Sojaanbau aufmerksam gemacht.<\/b><\/p>\n<div>\n<div class=\"events-box small-box left\">\n<div class=\"frame\">\n        <a class=\"open-img EnlargeImage\" href=\"https:\/\/www.greenpeace.ch\/static\/planet4-switzerland-stateless\/2019\/05\/423d7b00-423d7b00-pic167_01.jpg\" title=\"\"><br \/>\n            <img decoding=\"async\" id=\"ctl00_cphContentArea_Property3_ctl00_ctl01_Image1\" class=\"Thumbnail\" src=\"https:\/\/www.greenpeace.ch\/static\/planet4-switzerland-stateless\/2019\/05\/423d7b00-423d7b00-pic167_01.jpg\" alt=\"\" style=\"border-width:0px;\"><\/p>\n<p>        <\/a>\n    <\/div>\n<div class=\"events-content no-title\">\n        <span class=\"date\"><\/span><br \/>\n        <strong><\/strong><\/p>\n<p>\n            \u00a9 Greenpeace\n        <\/p>\n<\/p>\n<\/div>\n<\/div>\n<p class=\"bodytext\">Z\u00fcrich\/Santarem. Diese war nicht eine ganz<br \/>\nungef\u00e4hrliche Aktion, da Greenpeace in der Region nicht sonderlich<br \/>\nbeliebt ist. Der US-Agrarkonzern \u00abCargill\u00bb und die Soja-Farmer<br \/>\nverbreiten mit einer Anti-Greenpeace Kampagne in lokalen Zeitungen<br \/>\nund mit Hilfe von Aufklebern gezielt Stimmung gegen Greenpeace. Die<br \/>\nZerst\u00f6rung von Urwald f\u00fcr den Sojaanbau vernichtet nicht nur den<br \/>\nLebensraum der Ureinwohner, der Pflanzen und Tiere, sondern<br \/>\ngef\u00e4hrdet auch das Weltklima. Die Sojafarmer eignen sich das Land<br \/>\noft illegal an, vertreiben die Bewohner oder lassen sie wie Sklaven<br \/>\nf\u00fcr sich schuften.<\/p>\n<ul class=\"action-items\">\n<li><a href=\"http:\/\/www.greenpeace.de\/themen\/waelder\/nachrichten\/artikel\/soja_farmer_machen_stimmung_gegen_greenpeace\/\" target=\"gpd\" class=\"normal\" rel=\"noopener noreferrer\">Soja-Farmer machen Stimmung gegen<br \/>\nGreenpeace<\/a><\/li>\n<\/ul>\n<\/div>\n","protected":false},"excerpt":{"rendered":"<p>Alles Gute kommt von oben. Das sahen die brasilianischen Soja-Farmer am Donnerstag allerdings nicht so. Als der Fallschirmspringer und Greenpeace-Aktivist, Lu\u00eds Sabi\u00e1, \u00fcber einem Soja-Feld bei Santar\u00e9m im Amazonas-Gebiet aus&hellip;<\/p>\n","protected":false},"author":23,"featured_media":19161,"comment_status":"closed","ping_status":"open","sticky":false,"template":"","format":"standard","meta":{"_acf_changed":false,"_planet4_optimize_post_is_variant":false,"_planet4_optimize_experiment_name":"","_planet4_optimize_variant_name":"","ep_exclude_from_search":false,"p4_og_title":"","p4_og_description":"","p4_og_image":"","p4_og_image_id":"","p4_seo_canonical_url":"","p4_campaign_name":"","p4_local_project":"","p4_basket_name":"","p4_department":"","footnotes":""},"categories":[1],"tags":[],"p4-page-type":[75],"gpch-article-type":[],"class_list":["post-19159","post","type-post","status-publish","format-standard","has-post-thumbnail","hentry","category-unkategorisiert","p4-page-type-story"],"acf":[],"_links":{"self":[{"href":"https:\/\/www.greenpeace.ch\/de\/wp-json\/wp\/v2\/posts\/19159","targetHints":{"allow":["GET"]}}],"collection":[{"href":"https:\/\/www.greenpeace.ch\/de\/wp-json\/wp\/v2\/posts"}],"about":[{"href":"https:\/\/www.greenpeace.ch\/de\/wp-json\/wp\/v2\/types\/post"}],"author":[{"embeddable":true,"href":"https:\/\/www.greenpeace.ch\/de\/wp-json\/wp\/v2\/users\/23"}],"replies":[{"embeddable":true,"href":"https:\/\/www.greenpeace.ch\/de\/wp-json\/wp\/v2\/comments?post=19159"}],"version-history":[{"count":0,"href":"https:\/\/www.greenpeace.ch\/de\/wp-json\/wp\/v2\/posts\/19159\/revisions"}],"wp:featuredmedia":[{"embeddable":true,"href":"https:\/\/www.greenpeace.ch\/de\/wp-json\/wp\/v2\/media\/19161"}],"wp:attachment":[{"href":"https:\/\/www.greenpeace.ch\/de\/wp-json\/wp\/v2\/media?parent=19159"}],"wp:term":[{"taxonomy":"category","embeddable":true,"href":"https:\/\/www.greenpeace.ch\/de\/wp-json\/wp\/v2\/categories?post=19159"},{"taxonomy":"post_tag","embeddable":true,"href":"https:\/\/www.greenpeace.ch\/de\/wp-json\/wp\/v2\/tags?post=19159"},{"taxonomy":"p4-page-type","embeddable":true,"href":"https:\/\/www.greenpeace.ch\/de\/wp-json\/wp\/v2\/p4-page-type?post=19159"},{"taxonomy":"gpch-article-type","embeddable":true,"href":"https:\/\/www.greenpeace.ch\/de\/wp-json\/wp\/v2\/gpch-article-type?post=19159"}],"curies":[{"name":"wp","href":"https:\/\/api.w.org\/{rel}","templated":true}]}}