{"id":19171,"date":"2006-04-23T00:00:00","date_gmt":"2006-04-22T22:00:00","guid":{"rendered":"https:\/\/master.greenpeace.ch\/beitrag\/19171\/greenpeace-bringt-radioaktive-erde-zur-internationalen-atomenergiebehoerde-in-wien\/"},"modified":"2019-05-30T14:46:49","modified_gmt":"2019-05-30T12:46:49","slug":"greenpeace-bringt-radioaktive-erde-zur-internationalen-atomenergiebehoerde-in-wien","status":"publish","type":"post","link":"https:\/\/www.greenpeace.ch\/de\/story\/19171\/greenpeace-bringt-radioaktive-erde-zur-internationalen-atomenergiebehoerde-in-wien\/","title":{"rendered":"Greenpeace bringt radioaktive Erde zur Internationalen Atomenergiebeh\u00f6rde in Wien"},"content":{"rendered":"<p><b>Aus Protest gegen den Umgang der Internationalen Atomenergiebeh\u00f6rde (IAEO) mit den Folgen des Atomunfalls von Tschernobyl haben heute fr\u00fch rund 30 Greenpeace-Aktivisten zwei radioaktive Bodenproben aus der Umgebung des Ungl\u00fccksreaktors zum Hauptsitz der Beh\u00f6rde in Wien gebracht. Die Proben stammen aus einem \u00f6ffentlich zug\u00e4nglichen, rund 50 km vom Ungl\u00fccksreaktor entfernten Waldst\u00fcck. Um jegliche Gef\u00e4hrdung w\u00e4hrend des Transports und bei der \u00dcbergabe auszuschliessen, werden die Proben durch einen 200 kg schweren Betoncontainer mit Bleiummantelung gesch\u00fctzt.<\/b><\/p>\n<div>\n<div class=\"events-box small-box left\">\n<div class=\"frame\">\n        <a class=\"open-img EnlargeImage\" href=\"https:\/\/www.greenpeace.ch\/static\/planet4-switzerland-stateless\/2019\/05\/4a344189-4a344189-pic174.jpg\" title=\"\"><br \/>\n            <img decoding=\"async\" id=\"ctl00_cphContentArea_Property3_ctl00_ctl02_Image1\" class=\"Thumbnail\" src=\"https:\/\/www.greenpeace.ch\/static\/planet4-switzerland-stateless\/2019\/05\/4a344189-4a344189-pic174.jpg\" alt=\"\" style=\"border-width:0px;\"><\/p>\n<p>        <\/a>\n    <\/div>\n<div class=\"events-content no-title\">\n        <span class=\"date\"><\/span><br \/>\n        <strong><\/strong><\/p>\n<p>\n            \u00a9 Knoth \/ Greenpeace\n        <\/p>\n<\/p>\n<\/div>\n<\/div>\n<p class=\"bodytext\">Z\u00fcrich\/Wien. \u00abDie IAEO darf nicht l\u00e4nger die Unfallfolgen von Tschernobyl verharmlosen und muss sofort damit aufh\u00f6ren, den weiteren Ausbau der Atomenergie zu forcieren\u00bb ,fordert Greenpeace-Energieexperte Jan Haverkamp. \u00abDie IAEO geht von viel zu wenigen Opfern der Katastrophe aus. Zudem hat sie mehrmals empfohlen, wieder Menschen in den hoch belasteten Gebieten ausserhalb der 30km-Sperrzone anzusiedeln.\u00bb<\/p>\n<ul class=\"action-items\">\n<li><a title=\"Startet den Datei-Download\" href=\"https:\/\/www.greenpeace.ch\/wp-content\/uploads\/2017\/01\/sampling_briefing.pdf\" target=\"_self\" rel=\"noopener noreferrer\">Messergebnisse Bodenproben Tschernobyl (324kb)<\/a><\/li>\n<li><a class=\"normal\" href=\"http:\/\/info.greenpeace.ch\/de\/atom\/attachments\/sampling_briefing.pdf\" target=\"_blank\" rel=\"noopener noreferrer\">http:\/\/info.greenpeace.ch\/de\/atom\/attachments\/sampling_briefing.pdf<\/a><a title=\"Startet den Datei-Download\" href=\"https:\/\/www.greenpeace.ch\/wp-content\/uploads\/2017\/01\/Executive_Summary_deutsch.pdf\" target=\"_self\" rel=\"noopener noreferrer\">Greenpeace-Report: Die verleugneten Opfer von Tschernobyl (download 21kb)<\/a><\/li>\n<\/ul>\n<p class=\"bodytext\">\u00a0<\/p>\n<\/div>\n","protected":false},"excerpt":{"rendered":"<p>Aus Protest gegen den Umgang der Internationalen Atomenergiebeh\u00f6rde (IAEO) mit den Folgen des Atomunfalls von Tschernobyl haben heute fr\u00fch rund 30 Greenpeace-Aktivisten zwei radioaktive Bodenproben aus der Umgebung des Ungl\u00fccksreaktors&hellip;<\/p>\n","protected":false},"author":23,"featured_media":19173,"comment_status":"closed","ping_status":"open","sticky":false,"template":"","format":"standard","meta":{"_acf_changed":false,"_planet4_optimize_post_is_variant":false,"_planet4_optimize_experiment_name":"","_planet4_optimize_variant_name":"","ep_exclude_from_search":false,"p4_og_title":"","p4_og_description":"","p4_og_image":"","p4_og_image_id":"","p4_seo_canonical_url":"","p4_campaign_name":"","p4_local_project":"","p4_basket_name":"","p4_department":"","footnotes":""},"categories":[1],"tags":[],"p4-page-type":[75],"gpch-article-type":[],"class_list":["post-19171","post","type-post","status-publish","format-standard","has-post-thumbnail","hentry","category-unkategorisiert","p4-page-type-story"],"acf":[],"_links":{"self":[{"href":"https:\/\/www.greenpeace.ch\/de\/wp-json\/wp\/v2\/posts\/19171","targetHints":{"allow":["GET"]}}],"collection":[{"href":"https:\/\/www.greenpeace.ch\/de\/wp-json\/wp\/v2\/posts"}],"about":[{"href":"https:\/\/www.greenpeace.ch\/de\/wp-json\/wp\/v2\/types\/post"}],"author":[{"embeddable":true,"href":"https:\/\/www.greenpeace.ch\/de\/wp-json\/wp\/v2\/users\/23"}],"replies":[{"embeddable":true,"href":"https:\/\/www.greenpeace.ch\/de\/wp-json\/wp\/v2\/comments?post=19171"}],"version-history":[{"count":0,"href":"https:\/\/www.greenpeace.ch\/de\/wp-json\/wp\/v2\/posts\/19171\/revisions"}],"wp:featuredmedia":[{"embeddable":true,"href":"https:\/\/www.greenpeace.ch\/de\/wp-json\/wp\/v2\/media\/19173"}],"wp:attachment":[{"href":"https:\/\/www.greenpeace.ch\/de\/wp-json\/wp\/v2\/media?parent=19171"}],"wp:term":[{"taxonomy":"category","embeddable":true,"href":"https:\/\/www.greenpeace.ch\/de\/wp-json\/wp\/v2\/categories?post=19171"},{"taxonomy":"post_tag","embeddable":true,"href":"https:\/\/www.greenpeace.ch\/de\/wp-json\/wp\/v2\/tags?post=19171"},{"taxonomy":"p4-page-type","embeddable":true,"href":"https:\/\/www.greenpeace.ch\/de\/wp-json\/wp\/v2\/p4-page-type?post=19171"},{"taxonomy":"gpch-article-type","embeddable":true,"href":"https:\/\/www.greenpeace.ch\/de\/wp-json\/wp\/v2\/gpch-article-type?post=19171"}],"curies":[{"name":"wp","href":"https:\/\/api.w.org\/{rel}","templated":true}]}}