{"id":19175,"date":"2006-04-24T00:00:00","date_gmt":"2006-04-23T22:00:00","guid":{"rendered":"https:\/\/master.greenpeace.ch\/beitrag\/19175\/20-jahre-tschernobyl-das-leiden-geht-weiter-2\/"},"modified":"2019-05-30T14:46:54","modified_gmt":"2019-05-30T12:46:54","slug":"20-jahre-tschernobyl-das-leiden-geht-weiter-2","status":"publish","type":"post","link":"https:\/\/www.greenpeace.ch\/de\/story\/19175\/20-jahre-tschernobyl-das-leiden-geht-weiter-2\/","title":{"rendered":"20 Jahre Tschernobyl \u2013 Das Leiden geht weiter"},"content":{"rendered":"<p><b>In der Nacht auf Mittwoch j\u00e4hrt sich die Atomkatastrophe von Tschernobyl zum 20. Mal. Greenpeace Schweiz hat heute auf Kircht\u00fcrmen mit grossen Fotobannern an die Opfer Tschernobyls und die Gefahren der Atomenergie erinnert. F\u00fcr die Menschen in der Schweiz war die Tschernobyl-Katastrophe damals ein Schock. Doch heute ist sie f\u00fcr manche bloss noch eine unangenehme Erinnerung und die junge Generation weiss dar\u00fcber kaum Bescheid.<\/b><\/p>\n<div>\n<div class=\"events-box small-box left\">\n<div class=\"frame\">\n        <a class=\"open-img EnlargeImage\" href=\"https:\/\/www.greenpeace.ch\/static\/planet4-switzerland-stateless\/2019\/05\/db5c1db8-db5c1db8-pic173.jpg\" title=\"\"><br \/>\n            <img decoding=\"async\" id=\"ctl00_cphContentArea_Property3_ctl00_ctl02_Image1\" class=\"Thumbnail\" src=\"https:\/\/www.greenpeace.ch\/static\/planet4-switzerland-stateless\/2019\/05\/db5c1db8-db5c1db8-pic173.jpg\" alt=\"\" style=\"border-width:0px;\"><\/p>\n<p>        <\/a>\n    <\/div>\n<div class=\"events-content no-title\">\n        <span class=\"date\"><\/span><br \/>\n        <strong><\/strong><\/p>\n<p>\n            \u00a9 Greenpeace\n        <\/p>\n<\/p>\n<\/div>\n<\/div>\n<p class=\"bodytext\">Z\u00fcrich. F\u00fcr die Menschen in unmittelbarer Umgebung des explodierten Reaktors aber war sie der Beginn eines uns\u00e4glichen langen Leidensprozesses. Im Rahmen weltweiter Greenpeace-Aktivit\u00e4ten hat Greenpeace Schweiz heute auf Kircht\u00fcrmen in Z\u00fcrich, Bern und Basel sowie am Abend vor der Stadtkirche in Winterthur den Opfern der Katastrophe ein Gesicht gegeben. Dies nach Absprache mit den einzelnen Kirchen und unter Mitwirkung der Greenpeace-Regionalgruppen Basel, Bern und Winterthur.<\/p>\n<ul class=\"action-items\">\n<li><a class=\"normal\" href=\"http:\/\/www.greenpeace.de\/themen\/atomkraft\/nachrichten\/artikel\/schwerer_stoerfall_im_bulgarischen_akw_kosloduj\/\" target=\"gpde\" rel=\"noopener noreferrer\">24|04|2006: Schwerer St\u00f6rfall im bulgarischen AKW Kosloduj<\/a><\/li>\n<li><a class=\"normal\" href=\"http:\/\/ctk.greenpeace.org\/gp-en\/ctk-collectors\/respond?item%5fid=2047368&amp;obj_skin_id=51\" target=\"gpi\" rel=\"noopener noreferrer\">Petiton: Fordern Sie die UNO auf, Atomenergie nicht mehr zu f\u00f6rdern (engl.)<\/a><\/li>\n<\/ul>\n<\/div>\n","protected":false},"excerpt":{"rendered":"<p>In der Nacht auf Mittwoch j\u00e4hrt sich die Atomkatastrophe von Tschernobyl zum 20. Mal. Greenpeace Schweiz hat heute auf Kircht\u00fcrmen mit grossen Fotobannern an die Opfer Tschernobyls und die Gefahren&hellip;<\/p>\n","protected":false},"author":23,"featured_media":19177,"comment_status":"closed","ping_status":"open","sticky":false,"template":"","format":"standard","meta":{"_acf_changed":false,"_planet4_optimize_post_is_variant":false,"_planet4_optimize_experiment_name":"","_planet4_optimize_variant_name":"","ep_exclude_from_search":false,"p4_og_title":"","p4_og_description":"","p4_og_image":"","p4_og_image_id":"","p4_seo_canonical_url":"","p4_campaign_name":"","p4_local_project":"","p4_basket_name":"","p4_department":"","footnotes":""},"categories":[1],"tags":[],"p4-page-type":[75],"gpch-article-type":[],"class_list":["post-19175","post","type-post","status-publish","format-standard","has-post-thumbnail","hentry","category-unkategorisiert","p4-page-type-story"],"acf":[],"_links":{"self":[{"href":"https:\/\/www.greenpeace.ch\/de\/wp-json\/wp\/v2\/posts\/19175","targetHints":{"allow":["GET"]}}],"collection":[{"href":"https:\/\/www.greenpeace.ch\/de\/wp-json\/wp\/v2\/posts"}],"about":[{"href":"https:\/\/www.greenpeace.ch\/de\/wp-json\/wp\/v2\/types\/post"}],"author":[{"embeddable":true,"href":"https:\/\/www.greenpeace.ch\/de\/wp-json\/wp\/v2\/users\/23"}],"replies":[{"embeddable":true,"href":"https:\/\/www.greenpeace.ch\/de\/wp-json\/wp\/v2\/comments?post=19175"}],"version-history":[{"count":0,"href":"https:\/\/www.greenpeace.ch\/de\/wp-json\/wp\/v2\/posts\/19175\/revisions"}],"wp:featuredmedia":[{"embeddable":true,"href":"https:\/\/www.greenpeace.ch\/de\/wp-json\/wp\/v2\/media\/19177"}],"wp:attachment":[{"href":"https:\/\/www.greenpeace.ch\/de\/wp-json\/wp\/v2\/media?parent=19175"}],"wp:term":[{"taxonomy":"category","embeddable":true,"href":"https:\/\/www.greenpeace.ch\/de\/wp-json\/wp\/v2\/categories?post=19175"},{"taxonomy":"post_tag","embeddable":true,"href":"https:\/\/www.greenpeace.ch\/de\/wp-json\/wp\/v2\/tags?post=19175"},{"taxonomy":"p4-page-type","embeddable":true,"href":"https:\/\/www.greenpeace.ch\/de\/wp-json\/wp\/v2\/p4-page-type?post=19175"},{"taxonomy":"gpch-article-type","embeddable":true,"href":"https:\/\/www.greenpeace.ch\/de\/wp-json\/wp\/v2\/gpch-article-type?post=19175"}],"curies":[{"name":"wp","href":"https:\/\/api.w.org\/{rel}","templated":true}]}}