{"id":19187,"date":"2006-04-18T00:00:00","date_gmt":"2006-04-17T22:00:00","guid":{"rendered":"https:\/\/master.greenpeace.ch\/beitrag\/19187\/greenpeace-aktion-gegen-piratenfischer-zeigt-wirkung\/"},"modified":"2019-05-30T14:47:12","modified_gmt":"2019-05-30T12:47:12","slug":"greenpeace-aktion-gegen-piratenfischer-zeigt-wirkung","status":"publish","type":"post","link":"https:\/\/www.greenpeace.ch\/de\/story\/19187\/greenpeace-aktion-gegen-piratenfischer-zeigt-wirkung\/","title":{"rendered":"Greenpeace-Aktion gegen Piratenfischer zeigt Wirkung"},"content":{"rendered":"<p><b>Spanische Beh\u00f6rden haben heute deklariert, dass die Fracht der \u00abBinar 4\u00bb illegal ist. Das Schiff hatte im Hoheitsgebiet von Guinea vor Westafrika von verschiedenen Piratenfischern 200 Tonnen Fisch aufgenommen. Greenpeace hatte das Schiff begleitet, die Fracht als illegal angeprangert und die Beh\u00f6rden aufgefordert, den Hafen in Las Palmas f\u00fcr illegal gefangenen Fisch zu schliessen. Greenpeace-Aktivisten besetzten w\u00e4hrend fast einer Woche das Schiff. Parallel f\u00fchrte Greenpeace intensive Verhandlungen mit den zust\u00e4ndigen \u00c4mtern.<\/b><\/p>\n<div>\n<div class=\"events-box small-box left\">\n<div class=\"frame\">\n        <a class=\"open-img EnlargeImage\" href=\"https:\/\/www.greenpeace.ch\/static\/planet4-switzerland-stateless\/2019\/05\/426a5a91-426a5a91-pic176.jpg\" title=\"\"><br \/>\n            <img decoding=\"async\" id=\"ctl00_cphContentArea_Property3_ctl00_ctl01_Image1\" class=\"Thumbnail\" src=\"https:\/\/www.greenpeace.ch\/static\/planet4-switzerland-stateless\/2019\/05\/426a5a91-426a5a91-pic176.jpg\" alt=\"\" style=\"border-width:0px;\"><\/p>\n<p>        <\/a>\n    <\/div>\n<div class=\"events-content no-title\">\n        <span class=\"date\"><\/span><br \/>\n        <strong><\/strong><\/p>\n<p>\n            \u00a9 Gleizes \/ Greenpeace\n        <\/p>\n<\/p>\n<\/div>\n<\/div>\n<p class=\"bodytext\">Z\u00fcrich\/Las Palmas. Die illegale, unregulierte<br \/>\nund undokumentierte Fischerei registriert ihre Schiffe vor allem in<br \/>\nso genannten Billigflaggenl\u00e4ndern und umgeht dadurch alle<br \/>\ninternationalen Fischereiabkommen. Die meisten Piratenfischer<br \/>\nsegeln unter der Flagge von Panama, Belize und Honduras, aber auch<br \/>\nEU-Staaten wie Malta, Zypern und die Slowakei bieten.<\/p>\n<p class=\"bodytext\">Die Piratenbeute wird nicht selten auf See<br \/>\nillegal an Frachtschiffe \u00fcbergeben, absichtlich mit legalem Fang<br \/>\nvermischt und dann in H\u00e4fen verkauft, in denen es kaum Kontrollen<br \/>\ngibt &#8211; wie in Las Palmas. Weltweit entstehen durch die<br \/>\nPiratenfischerei f\u00fcr die \u00e4rmsten L\u00e4nder der Welt \u00fcber 4 Milliarden<br \/>\nUS-Dollar Verluste durch die Piratenfischerei.<\/p>\n<ul class=\"action-items\">\n<li><a href=\"http:\/\/www.greenpeace.de\/themen\/meere\/presseerklaerungen\/artikel\/greenpeace_siegt_ueber_piratenfischer\/\" target=\"gpd\" class=\"normal\" rel=\"noopener noreferrer\">Spanische Beh\u00f6rden wollen 200 Tonnen<br \/>\nillegal gefangenen Fisch beschlagnahmen<\/a><\/li>\n<li><a href=\"http:\/\/oceans.greenpeace.org\/de\/ocean-defenders-tv\" target=\"gpt\" class=\"normal\" rel=\"noopener noreferrer\">Meeressch\u00fctzer TV: Besetzung der \u00abBinar<br \/>\n4\u00bb (engl.)<\/a><\/li>\n<\/ul>\n<\/div>\n","protected":false},"excerpt":{"rendered":"<p>Spanische Beh\u00f6rden haben heute deklariert, dass die Fracht der \u00abBinar 4\u00bb illegal ist. Das Schiff hatte im Hoheitsgebiet von Guinea vor Westafrika von verschiedenen Piratenfischern 200 Tonnen Fisch aufgenommen. Greenpeace&hellip;<\/p>\n","protected":false},"author":23,"featured_media":19189,"comment_status":"closed","ping_status":"open","sticky":false,"template":"","format":"standard","meta":{"_acf_changed":false,"_planet4_optimize_post_is_variant":false,"_planet4_optimize_experiment_name":"","_planet4_optimize_variant_name":"","ep_exclude_from_search":false,"p4_og_title":"","p4_og_description":"","p4_og_image":"","p4_og_image_id":"","p4_seo_canonical_url":"","p4_campaign_name":"","p4_local_project":"","p4_basket_name":"","p4_department":"","footnotes":""},"categories":[1],"tags":[],"p4-page-type":[75],"gpch-article-type":[],"class_list":["post-19187","post","type-post","status-publish","format-standard","has-post-thumbnail","hentry","category-unkategorisiert","p4-page-type-story"],"acf":[],"_links":{"self":[{"href":"https:\/\/www.greenpeace.ch\/de\/wp-json\/wp\/v2\/posts\/19187","targetHints":{"allow":["GET"]}}],"collection":[{"href":"https:\/\/www.greenpeace.ch\/de\/wp-json\/wp\/v2\/posts"}],"about":[{"href":"https:\/\/www.greenpeace.ch\/de\/wp-json\/wp\/v2\/types\/post"}],"author":[{"embeddable":true,"href":"https:\/\/www.greenpeace.ch\/de\/wp-json\/wp\/v2\/users\/23"}],"replies":[{"embeddable":true,"href":"https:\/\/www.greenpeace.ch\/de\/wp-json\/wp\/v2\/comments?post=19187"}],"version-history":[{"count":0,"href":"https:\/\/www.greenpeace.ch\/de\/wp-json\/wp\/v2\/posts\/19187\/revisions"}],"wp:featuredmedia":[{"embeddable":true,"href":"https:\/\/www.greenpeace.ch\/de\/wp-json\/wp\/v2\/media\/19189"}],"wp:attachment":[{"href":"https:\/\/www.greenpeace.ch\/de\/wp-json\/wp\/v2\/media?parent=19187"}],"wp:term":[{"taxonomy":"category","embeddable":true,"href":"https:\/\/www.greenpeace.ch\/de\/wp-json\/wp\/v2\/categories?post=19187"},{"taxonomy":"post_tag","embeddable":true,"href":"https:\/\/www.greenpeace.ch\/de\/wp-json\/wp\/v2\/tags?post=19187"},{"taxonomy":"p4-page-type","embeddable":true,"href":"https:\/\/www.greenpeace.ch\/de\/wp-json\/wp\/v2\/p4-page-type?post=19187"},{"taxonomy":"gpch-article-type","embeddable":true,"href":"https:\/\/www.greenpeace.ch\/de\/wp-json\/wp\/v2\/gpch-article-type?post=19187"}],"curies":[{"name":"wp","href":"https:\/\/api.w.org\/{rel}","templated":true}]}}