{"id":19244,"date":"2006-03-21T00:00:00","date_gmt":"2006-03-20T22:00:00","guid":{"rendered":"https:\/\/master.greenpeace.ch\/beitrag\/19244\/feinstaub-macht-vor-niemandem-halt\/"},"modified":"2019-05-30T14:48:30","modified_gmt":"2019-05-30T12:48:30","slug":"feinstaub-macht-vor-niemandem-halt","status":"publish","type":"post","link":"https:\/\/www.greenpeace.ch\/de\/story\/19244\/feinstaub-macht-vor-niemandem-halt\/","title":{"rendered":"Feinstaub macht vor niemandem Halt"},"content":{"rendered":"<p><b>Um auf das Problem der Feinstaubbelastung (PM 10) aufmerksam zu machen, haben AktivistInnen der Greenpeace-Regionalgruppe Z\u00fcrich heute Mittag in einer symbolischen Aktion der Ganymed-Statue am B\u00fcrkliplatz eine Feinstaubschutzmaske aufgesetzt. Zudem wurde der Statue eine Schild mit dem Slogan \u00abFeinstaub-DENKmal!\u00bb umgeh\u00e4ngt. An die Passanten wurden Flyer zur Feinstaubproblematik verteilt.<\/b><\/p>\n<div>\n<div class=\"events-box small-box left\">\n<div class=\"frame\">\n        <a class=\"open-img EnlargeImage\" href=\"https:\/\/www.greenpeace.ch\/static\/planet4-switzerland-stateless\/2019\/05\/60ff2975-60ff2975-pic190.jpg\" title=\"\"><br \/>\n            <img decoding=\"async\" id=\"ctl00_cphContentArea_Property3_ctl00_ctl02_Image1\" class=\"Thumbnail\" src=\"https:\/\/www.greenpeace.ch\/static\/planet4-switzerland-stateless\/2019\/05\/60ff2975-60ff2975-pic190.jpg\" alt=\"\" style=\"border-width:0px;\"><\/p>\n<p>        <\/a>\n    <\/div>\n<div class=\"events-content no-title\">\n        <span class=\"date\"><\/span><br \/>\n        <strong><\/strong><\/p>\n<p>\n            \u00a9 Greenpeace Regionalgruppe Z\u00fcrich\n        <\/p>\n<\/p>\n<\/div>\n<\/div>\n<p class=\"bodytext\">Z\u00fcrich. Noch immer liegt der Feinstaub in zu hohen Dosen in der Luft. Die Konzentration ist nicht mehr so hoch wie in den diesj\u00e4hrigen Spitzenmonaten Januar und Februar, doch Feinstaub bleibt f\u00fcr unsere Atemluft das ganze Jahr hindurch eine Belastung. Das BUWAL geht aufgrund der Feinstaubbelastung von 3700 Todesf\u00e4llen, von 41&#8217;100 Asthmaanf\u00e4llen bei Erwachsenen und 39&#8217;000 F\u00e4llen von akuter Bronchitis bei Kindern im Jahr aus.<\/p>\n<p>F\u00fcr die Greenpeace-Regionalgruppe Z\u00fcrich sind diese Zahlen unhaltbar und Zeichen von unbedachtem Handeln und einer verfehlten Politik. Sie fordert von den Entscheidungstr\u00e4gern aller drei Verwaltungsebenen nachhaltige Massnahmen, mit dem Ziel den Treibstoffverbrauch mindestens zu halbieren.<\/p>\n<\/div>\n","protected":false},"excerpt":{"rendered":"<p>Um auf das Problem der Feinstaubbelastung (PM 10) aufmerksam zu machen, haben AktivistInnen der Greenpeace-Regionalgruppe Z\u00fcrich heute Mittag in einer symbolischen Aktion der Ganymed-Statue am B\u00fcrkliplatz eine Feinstaubschutzmaske aufgesetzt. Zudem&hellip;<\/p>\n","protected":false},"author":23,"featured_media":19246,"comment_status":"closed","ping_status":"open","sticky":false,"template":"","format":"standard","meta":{"_acf_changed":false,"_planet4_optimize_post_is_variant":false,"_planet4_optimize_experiment_name":"","_planet4_optimize_variant_name":"","ep_exclude_from_search":false,"p4_og_title":"","p4_og_description":"","p4_og_image":"","p4_og_image_id":"","p4_seo_canonical_url":"","p4_campaign_name":"","p4_local_project":"","p4_basket_name":"","p4_department":"","footnotes":""},"categories":[1],"tags":[],"p4-page-type":[75],"gpch-article-type":[],"class_list":["post-19244","post","type-post","status-publish","format-standard","has-post-thumbnail","hentry","category-unkategorisiert","p4-page-type-story"],"acf":[],"_links":{"self":[{"href":"https:\/\/www.greenpeace.ch\/de\/wp-json\/wp\/v2\/posts\/19244","targetHints":{"allow":["GET"]}}],"collection":[{"href":"https:\/\/www.greenpeace.ch\/de\/wp-json\/wp\/v2\/posts"}],"about":[{"href":"https:\/\/www.greenpeace.ch\/de\/wp-json\/wp\/v2\/types\/post"}],"author":[{"embeddable":true,"href":"https:\/\/www.greenpeace.ch\/de\/wp-json\/wp\/v2\/users\/23"}],"replies":[{"embeddable":true,"href":"https:\/\/www.greenpeace.ch\/de\/wp-json\/wp\/v2\/comments?post=19244"}],"version-history":[{"count":0,"href":"https:\/\/www.greenpeace.ch\/de\/wp-json\/wp\/v2\/posts\/19244\/revisions"}],"wp:featuredmedia":[{"embeddable":true,"href":"https:\/\/www.greenpeace.ch\/de\/wp-json\/wp\/v2\/media\/19246"}],"wp:attachment":[{"href":"https:\/\/www.greenpeace.ch\/de\/wp-json\/wp\/v2\/media?parent=19244"}],"wp:term":[{"taxonomy":"category","embeddable":true,"href":"https:\/\/www.greenpeace.ch\/de\/wp-json\/wp\/v2\/categories?post=19244"},{"taxonomy":"post_tag","embeddable":true,"href":"https:\/\/www.greenpeace.ch\/de\/wp-json\/wp\/v2\/tags?post=19244"},{"taxonomy":"p4-page-type","embeddable":true,"href":"https:\/\/www.greenpeace.ch\/de\/wp-json\/wp\/v2\/p4-page-type?post=19244"},{"taxonomy":"gpch-article-type","embeddable":true,"href":"https:\/\/www.greenpeace.ch\/de\/wp-json\/wp\/v2\/gpch-article-type?post=19244"}],"curies":[{"name":"wp","href":"https:\/\/api.w.org\/{rel}","templated":true}]}}