{"id":19248,"date":"2006-03-28T00:00:00","date_gmt":"2006-03-27T22:00:00","guid":{"rendered":"https:\/\/master.greenpeace.ch\/beitrag\/19248\/schweizer-kids-am-samba-fuer-das-leben\/"},"modified":"2019-05-30T14:48:37","modified_gmt":"2019-05-30T12:48:37","slug":"schweizer-kids-am-samba-fuer-das-leben","status":"publish","type":"post","link":"https:\/\/www.greenpeace.ch\/de\/story\/19248\/schweizer-kids-am-samba-fuer-das-leben\/","title":{"rendered":"Schweizer Kids am \u00abSamba f\u00fcr das Leben\u00bb"},"content":{"rendered":"<p><b>Mit ihrer Parade \u00abSamba for Life\u00bb haben sich gestern im brasilianischen Curitiba rund 2000 Kinder und Jugendliche aus der ganzen Welt f\u00fcr den Schutz der Artenvielfalt eingesetzt. Nebst Jugendlichen der \u00abUniversidade Livre de Meio Ambiente\u00bb in Curitiba waren auch Mitglieder des Greenpeace-Jugendprojektes \u00abKids for Forests\u00bb mit dabei. Sie sind unter anderem aus Japan, Kamerun, Russland, den Niederlanden, Deutschland, Chile, Mexiko und der Schweiz angereist.<\/b><\/p>\n<div>\n<div class=\"events-box small-box left\">\n<div class=\"frame\">\n        <a class=\"open-img EnlargeImage\" href=\"https:\/\/www.greenpeace.ch\/static\/planet4-switzerland-stateless\/2019\/05\/3cb55d3c-3cb55d3c-pic187.jpg\" title=\"\"><br \/>\n            <img decoding=\"async\" id=\"ctl00_cphContentArea_Property3_ctl00_ctl02_Image1\" class=\"Thumbnail\" src=\"https:\/\/www.greenpeace.ch\/static\/planet4-switzerland-stateless\/2019\/05\/3cb55d3c-3cb55d3c-pic187.jpg\" alt=\"\" style=\"border-width:0px;\"><\/p>\n<p>        <\/a>\n    <\/div>\n<div class=\"events-content no-title\">\n        <span class=\"date\"><\/span><br \/>\n        <strong><\/strong><\/p>\n<p>\n            \u00a9 Greenpeace\n        <\/p>\n<\/p>\n<\/div>\n<\/div>\n<p class=\"bodytext\">Z\u00fcrich\/Curitiba. Die jungen Menschen tanzten, trommelten und sangen, um die teilnehmenden Umweltminister der UNO-Konferenz \u00fcber Biologische Vielfalt (CBD) aufzufordern, endlich ihre 2002 und 2004 gesteckten Ziele umzusetzen. Das bedeutet: die Urwaldzerst\u00f6rung markant einzud\u00e4mmen sowie ein weltweites Netz von Schutzgebieten in Urw\u00e4ldern und Ozeanen einzurichten.<\/p>\n<p>Die Schweizer \u00abKids for Forests\u00bb Ilona Hunkeler (14, LU), Johannes K\u00fcng (15, AG) und Michael Hofer (16, SO) \u00fcberreichten dem Direktor des Bundesamtes f\u00fcr Umwelt, Bruno Oberle, ein Buch mit Kinderzeichnungen aus der Heimat und der Forderung, die Schweiz solle sich k\u00fcnftig nicht nur verbal, sondern auch vermehrt konkret f\u00fcr den Urwaldschutz engagieren.<\/p>\n<\/div>\n","protected":false},"excerpt":{"rendered":"<p>Mit ihrer Parade \u00abSamba for Life\u00bb haben sich gestern im brasilianischen Curitiba rund 2000 Kinder und Jugendliche aus der ganzen Welt f\u00fcr den Schutz der Artenvielfalt eingesetzt. Nebst Jugendlichen der&hellip;<\/p>\n","protected":false},"author":23,"featured_media":19250,"comment_status":"closed","ping_status":"open","sticky":false,"template":"","format":"standard","meta":{"_acf_changed":false,"_planet4_optimize_post_is_variant":false,"_planet4_optimize_experiment_name":"","_planet4_optimize_variant_name":"","ep_exclude_from_search":false,"p4_og_title":"","p4_og_description":"","p4_og_image":"","p4_og_image_id":"","p4_seo_canonical_url":"","p4_campaign_name":"","p4_local_project":"","p4_basket_name":"","p4_department":"","footnotes":""},"categories":[1],"tags":[],"p4-page-type":[75],"gpch-article-type":[],"class_list":["post-19248","post","type-post","status-publish","format-standard","has-post-thumbnail","hentry","category-unkategorisiert","p4-page-type-story"],"acf":[],"_links":{"self":[{"href":"https:\/\/www.greenpeace.ch\/de\/wp-json\/wp\/v2\/posts\/19248","targetHints":{"allow":["GET"]}}],"collection":[{"href":"https:\/\/www.greenpeace.ch\/de\/wp-json\/wp\/v2\/posts"}],"about":[{"href":"https:\/\/www.greenpeace.ch\/de\/wp-json\/wp\/v2\/types\/post"}],"author":[{"embeddable":true,"href":"https:\/\/www.greenpeace.ch\/de\/wp-json\/wp\/v2\/users\/23"}],"replies":[{"embeddable":true,"href":"https:\/\/www.greenpeace.ch\/de\/wp-json\/wp\/v2\/comments?post=19248"}],"version-history":[{"count":0,"href":"https:\/\/www.greenpeace.ch\/de\/wp-json\/wp\/v2\/posts\/19248\/revisions"}],"wp:featuredmedia":[{"embeddable":true,"href":"https:\/\/www.greenpeace.ch\/de\/wp-json\/wp\/v2\/media\/19250"}],"wp:attachment":[{"href":"https:\/\/www.greenpeace.ch\/de\/wp-json\/wp\/v2\/media?parent=19248"}],"wp:term":[{"taxonomy":"category","embeddable":true,"href":"https:\/\/www.greenpeace.ch\/de\/wp-json\/wp\/v2\/categories?post=19248"},{"taxonomy":"post_tag","embeddable":true,"href":"https:\/\/www.greenpeace.ch\/de\/wp-json\/wp\/v2\/tags?post=19248"},{"taxonomy":"p4-page-type","embeddable":true,"href":"https:\/\/www.greenpeace.ch\/de\/wp-json\/wp\/v2\/p4-page-type?post=19248"},{"taxonomy":"gpch-article-type","embeddable":true,"href":"https:\/\/www.greenpeace.ch\/de\/wp-json\/wp\/v2\/gpch-article-type?post=19248"}],"curies":[{"name":"wp","href":"https:\/\/api.w.org\/{rel}","templated":true}]}}