{"id":19252,"date":"2006-03-15T00:00:00","date_gmt":"2006-03-14T22:00:00","guid":{"rendered":"https:\/\/master.greenpeace.ch\/beitrag\/19252\/feinstaub-denkmal\/"},"modified":"2019-05-30T14:48:42","modified_gmt":"2019-05-30T12:48:42","slug":"feinstaub-denkmal","status":"publish","type":"post","link":"https:\/\/www.greenpeace.ch\/de\/story\/19252\/feinstaub-denkmal\/","title":{"rendered":"Feinstaub DENKmal"},"content":{"rendered":"<p><b>Greenpeace Winterthur hat heute Morgen sieben Statuen im Winterthurer Zentrum zu Feinstaub-DENKm\u00e4lern deklariert. Mit Staubmasken ausger\u00fcstet sollten die Statuen die Winterthurer Bev\u00f6lkerung und Regierung daran erinnern, dass das Problem des Feinstaubs nicht gel\u00f6st ist.<\/b><\/p>\n<div>\n<div class=\"events-box small-box left\">\n<div class=\"frame\">\n        <a class=\"open-img EnlargeImage\" href=\"https:\/\/www.greenpeace.ch\/static\/planet4-switzerland-stateless\/2019\/05\/a1ae2b0f-a1ae2b0f-pic195.jpg\" title=\"\"><br \/>\n            <img decoding=\"async\" id=\"ctl00_cphContentArea_Property3_ctl00_ctl02_Image1\" class=\"Thumbnail\" src=\"https:\/\/www.greenpeace.ch\/static\/planet4-switzerland-stateless\/2019\/05\/a1ae2b0f-a1ae2b0f-pic195.jpg\" alt=\"\" style=\"border-width:0px;\"><\/p>\n<p>        <\/a>\n    <\/div>\n<div class=\"events-content no-title\">\n        <span class=\"date\"><\/span><br \/>\n        <strong><\/strong><\/p>\n<p>\n            \u00a9 Greenpeace Regionalgruppe Winterthur\n        <\/p>\n<\/p>\n<\/div>\n<\/div>\n<p class=\"bodytext\">Winterthur\/Z\u00fcrich. Greenpeace Winterthur fordert deshalb die Stadtregierung auf, beim Regierungsrat vorstellig zu werden und griffige Massnahmen zu fordern, die den WinterthurerInnen das Recht auf gute Luft garantieren. Die Stadtpolizei wollte nicht, dass Greenpeace auf die Luftverschmutzung aufmerksam macht und zwang die AktivistInnen, die Masken und Schilder wieder zu entfernen.<\/p>\n<\/div>\n","protected":false},"excerpt":{"rendered":"<p>Greenpeace Winterthur hat heute Morgen sieben Statuen im Winterthurer Zentrum zu Feinstaub-DENKm\u00e4lern deklariert. Mit Staubmasken ausger\u00fcstet sollten die Statuen die Winterthurer Bev\u00f6lkerung und Regierung daran erinnern, dass das Problem des&hellip;<\/p>\n","protected":false},"author":23,"featured_media":19254,"comment_status":"closed","ping_status":"open","sticky":false,"template":"","format":"standard","meta":{"_acf_changed":false,"_planet4_optimize_post_is_variant":false,"_planet4_optimize_experiment_name":"","_planet4_optimize_variant_name":"","ep_exclude_from_search":false,"p4_og_title":"","p4_og_description":"","p4_og_image":"","p4_og_image_id":"","p4_seo_canonical_url":"","p4_campaign_name":"","p4_local_project":"","p4_basket_name":"","p4_department":"","footnotes":""},"categories":[1],"tags":[],"p4-page-type":[75],"gpch-article-type":[],"class_list":["post-19252","post","type-post","status-publish","format-standard","has-post-thumbnail","hentry","category-unkategorisiert","p4-page-type-story"],"acf":[],"_links":{"self":[{"href":"https:\/\/www.greenpeace.ch\/de\/wp-json\/wp\/v2\/posts\/19252","targetHints":{"allow":["GET"]}}],"collection":[{"href":"https:\/\/www.greenpeace.ch\/de\/wp-json\/wp\/v2\/posts"}],"about":[{"href":"https:\/\/www.greenpeace.ch\/de\/wp-json\/wp\/v2\/types\/post"}],"author":[{"embeddable":true,"href":"https:\/\/www.greenpeace.ch\/de\/wp-json\/wp\/v2\/users\/23"}],"replies":[{"embeddable":true,"href":"https:\/\/www.greenpeace.ch\/de\/wp-json\/wp\/v2\/comments?post=19252"}],"version-history":[{"count":0,"href":"https:\/\/www.greenpeace.ch\/de\/wp-json\/wp\/v2\/posts\/19252\/revisions"}],"wp:featuredmedia":[{"embeddable":true,"href":"https:\/\/www.greenpeace.ch\/de\/wp-json\/wp\/v2\/media\/19254"}],"wp:attachment":[{"href":"https:\/\/www.greenpeace.ch\/de\/wp-json\/wp\/v2\/media?parent=19252"}],"wp:term":[{"taxonomy":"category","embeddable":true,"href":"https:\/\/www.greenpeace.ch\/de\/wp-json\/wp\/v2\/categories?post=19252"},{"taxonomy":"post_tag","embeddable":true,"href":"https:\/\/www.greenpeace.ch\/de\/wp-json\/wp\/v2\/tags?post=19252"},{"taxonomy":"p4-page-type","embeddable":true,"href":"https:\/\/www.greenpeace.ch\/de\/wp-json\/wp\/v2\/p4-page-type?post=19252"},{"taxonomy":"gpch-article-type","embeddable":true,"href":"https:\/\/www.greenpeace.ch\/de\/wp-json\/wp\/v2\/gpch-article-type?post=19252"}],"curies":[{"name":"wp","href":"https:\/\/api.w.org\/{rel}","templated":true}]}}