{"id":19260,"date":"2006-03-20T00:00:00","date_gmt":"2006-03-19T22:00:00","guid":{"rendered":"https:\/\/master.greenpeace.ch\/beitrag\/19260\/greenpeace-an-der-artenschutz-konferenz-in-curitiba\/"},"modified":"2019-05-30T14:48:53","modified_gmt":"2019-05-30T12:48:53","slug":"greenpeace-an-der-artenschutz-konferenz-in-curitiba","status":"publish","type":"post","link":"https:\/\/www.greenpeace.ch\/de\/story\/19260\/greenpeace-an-der-artenschutz-konferenz-in-curitiba\/","title":{"rendered":"Greenpeace an der Artenschutz-Konferenz in Curitiba"},"content":{"rendered":"<p><b>Auf der Artenvielfaltkonferenz (CBD) im brasilianischen Curitiba hat Greenpeace am Internationalen Tag des Waldes wissenschaftliche Karten ver\u00f6ffentlicht. Die Karten sprechen eine klare Sprache: In hochaufl\u00f6senden Satellitenbildern zeigen sie die letzten Urw\u00e4lder der Erde und veranschaulichen, wo in den Weltmeeren Schutzgebiete dringend notwendig sind.<\/b><\/p>\n<div>\n<div class=\"events-box small-box left\">\n<div class=\"frame\">\n        <a class=\"open-img EnlargeImage\" href=\"https:\/\/www.greenpeace.ch\/static\/planet4-switzerland-stateless\/2019\/05\/9d58fb3a-9d58fb3a-pic194.jpg\" title=\"\"><br \/>\n            <img decoding=\"async\" id=\"ctl00_cphContentArea_Property3_ctl00_ctl02_Image1\" class=\"Thumbnail\" src=\"https:\/\/www.greenpeace.ch\/static\/planet4-switzerland-stateless\/2019\/05\/9d58fb3a-9d58fb3a-pic194.jpg\" alt=\"\" style=\"border-width:0px;\"><\/p>\n<p>        <\/a>\n    <\/div>\n<div class=\"events-content no-title\">\n        <span class=\"date\"><\/span><br \/>\n        <strong><\/strong><\/p>\n<p>\n            \u00a9 Greenpeace\n        <\/p>\n<\/p>\n<\/div>\n<\/div>\n<p class=\"bodytext\">Z\u00fcrich. \u00abDie Karten sind die wissenschaftliche Grundlage f\u00fcr Politiker, um Schutzgebiete an Land und im Meer einzurichten\u00bb, sagt Christoph Thies, Waldexperte von Greenpeace International. \u00abWenn wir dieses Netzwerk von Schutzgebieten nicht in den n\u00e4chsten 20 Jahren auf die Beine stellen, ist ein Gro\u00dfteil der Tier- und Pflanzenarten f\u00fcr immer verloren.\u00bb<\/p>\n<p>Auf der CBD beraten Vertreter aus 188 L\u00e4ndern, wie dem Artensterben bis 2010 deutlich Einhalt geboten werden kann. Die Waldkarten legen akuten Handlungsbedarf nahe: Auf weniger als zehn Prozent der weltweiten Landfl\u00e4che existieren noch intakte Waldlandschaften. Vier F\u00fcnftel der Fl\u00e4che, auf denen Wald wachsen k\u00f6nnte sind zerst\u00f6rt, zu Plantagen umgewandelt oder in Teilgebiete zersplittert.<\/p>\n<ul class=\"action-items\">\n<li><a class=\"normal\" href=\"http:\/\/www.greenpeace.de\/themen\/waelder\/nachrichten\/artikel\/satellitenbilder_fuer_den_artenschutz\/\" target=\"gpde\" rel=\"noopener noreferrer\">Mehr zu den Karten (greenpeace.de)<\/a><\/li>\n<li><a class=\"normal\" href=\"http:\/\/www.greenpeace.org\/international\/campaigns\/forests\/our-disappearing-forests\/intact-forest-landscapes\" target=\"gpi\" rel=\"noopener noreferrer\">Interaktive Waldkarte (Engl.)<\/a><\/li>\n<li><a class=\"normal\" href=\"http:\/\/oceans.greenpeace.org\/en\/our-oceans\/marine-reserves\/roadmap-to-recovery\" target=\"oceans\" rel=\"noopener noreferrer\">Interaktive Meereskarte (Engl.)<\/a><\/li>\n<li><a class=\"normal\" href=\"http:\/\/www.intactforests.org\/\" target=\"intacht\" rel=\"noopener noreferrer\">Detaillierte Informationen zu den Waldkarten (Engl.)<\/a><\/li>\n<\/ul>\n<p class=\"bodytext\"><strong>Die Kids for Forests in Curitiba<\/strong><\/p>\n<p>Eine 30-k\u00f6pfige, internationale Delegation des Greenpeace-Jugendprojektes \u00abKids-for-Forests\u00bb macht sich an der Konferenz mit Herz und Charme f\u00fcr die Urw\u00e4lder stark. Mit dabei sind drei Schweizer Teenager: Johannes K\u00fcng aus Wohlen, Ilona Hunkeler aus Luzern und Michael Hofer aus Solothurn.<\/p>\n<p>Die Kids-for-Forests engagieren sich seit 2001 f\u00fcr die Urw\u00e4lder. In der Schweiz haben sie zuletzt den stellvertretenden Generalsekret\u00e4r von Bundesrat Leuenberger besucht, um die Schweizer Delegation an der UNO-Konferenz um einen urwaldfreundlichen Kurs zu bitten. Ihre Hoffnung: Dass nach Curitiba der Biodiversit\u00e4ts-Konvention endlich Taten folgen. Ihre \u00fcberzeugendstes Argument: es geht um ihre Zukunft.<\/p>\n<p>Unter anderem werden die Drei am 28. M\u00e4rz mit fast 2000 brasilianischen Kindern in einem \u00abSamba for Life\u00bb tanzend vor das Ministergeb\u00e4ude ziehen, wo die 188 Umweltminister und -ministerinnen der Vertragsstaaten des Artenschutz\u00fcbereinkommens \u00fcber dessen Umsetzung beraten. Dort wird die Konferenzpr\u00e4sidentin &#8211; die brasilianischen Umweltministerin Marina Silva, sie empfangen.<\/p>\n<ul class=\"action-items\">\n<li><span class=\"empty_class\"><span class=\"empty_class\"><span style=\"border: 2px solid red; background-color: yellow; color: black;\">Tagebuch der Schweizer Kids  for Forests in Curitiba<\/span><\/span><\/span><\/li>\n<li><span class=\"empty_class\"><span class=\"empty_class\"><span style=\"border: 2px solid red; background-color: yellow; color: black;\">Mehr zu den Kids for Forests<\/span><\/span><\/span><\/li>\n<li><span class=\"empty_class\"><span class=\"empty_class\"><span style=\"border: 2px solid red; background-color: yellow; color: black;\">Fotogalerie aus Curitiba (\u00f6ffnet in einem neuen  Fenster)<\/span><\/span><\/span><\/li>\n<\/ul>\n<p class=\"bodytext\">\u00a0<\/p>\n<\/div>\n","protected":false},"excerpt":{"rendered":"<p>Auf der Artenvielfaltkonferenz (CBD) im brasilianischen Curitiba hat Greenpeace am Internationalen Tag des Waldes wissenschaftliche Karten ver\u00f6ffentlicht. Die Karten sprechen eine klare Sprache: In hochaufl\u00f6senden Satellitenbildern zeigen sie die letzten&hellip;<\/p>\n","protected":false},"author":23,"featured_media":19262,"comment_status":"closed","ping_status":"open","sticky":false,"template":"","format":"standard","meta":{"_acf_changed":false,"_planet4_optimize_post_is_variant":false,"_planet4_optimize_experiment_name":"","_planet4_optimize_variant_name":"","ep_exclude_from_search":false,"p4_og_title":"","p4_og_description":"","p4_og_image":"","p4_og_image_id":"","p4_seo_canonical_url":"","p4_campaign_name":"","p4_local_project":"","p4_basket_name":"","p4_department":"","footnotes":""},"categories":[1],"tags":[],"p4-page-type":[75],"gpch-article-type":[],"class_list":["post-19260","post","type-post","status-publish","format-standard","has-post-thumbnail","hentry","category-unkategorisiert","p4-page-type-story"],"acf":[],"_links":{"self":[{"href":"https:\/\/www.greenpeace.ch\/de\/wp-json\/wp\/v2\/posts\/19260","targetHints":{"allow":["GET"]}}],"collection":[{"href":"https:\/\/www.greenpeace.ch\/de\/wp-json\/wp\/v2\/posts"}],"about":[{"href":"https:\/\/www.greenpeace.ch\/de\/wp-json\/wp\/v2\/types\/post"}],"author":[{"embeddable":true,"href":"https:\/\/www.greenpeace.ch\/de\/wp-json\/wp\/v2\/users\/23"}],"replies":[{"embeddable":true,"href":"https:\/\/www.greenpeace.ch\/de\/wp-json\/wp\/v2\/comments?post=19260"}],"version-history":[{"count":0,"href":"https:\/\/www.greenpeace.ch\/de\/wp-json\/wp\/v2\/posts\/19260\/revisions"}],"wp:featuredmedia":[{"embeddable":true,"href":"https:\/\/www.greenpeace.ch\/de\/wp-json\/wp\/v2\/media\/19262"}],"wp:attachment":[{"href":"https:\/\/www.greenpeace.ch\/de\/wp-json\/wp\/v2\/media?parent=19260"}],"wp:term":[{"taxonomy":"category","embeddable":true,"href":"https:\/\/www.greenpeace.ch\/de\/wp-json\/wp\/v2\/categories?post=19260"},{"taxonomy":"post_tag","embeddable":true,"href":"https:\/\/www.greenpeace.ch\/de\/wp-json\/wp\/v2\/tags?post=19260"},{"taxonomy":"p4-page-type","embeddable":true,"href":"https:\/\/www.greenpeace.ch\/de\/wp-json\/wp\/v2\/p4-page-type?post=19260"},{"taxonomy":"gpch-article-type","embeddable":true,"href":"https:\/\/www.greenpeace.ch\/de\/wp-json\/wp\/v2\/gpch-article-type?post=19260"}],"curies":[{"name":"wp","href":"https:\/\/api.w.org\/{rel}","templated":true}]}}