{"id":19272,"date":"2006-03-06T00:00:00","date_gmt":"2006-03-05T22:00:00","guid":{"rendered":"https:\/\/master.greenpeace.ch\/beitrag\/19272\/illegaler-sojaanbau-vernichtet-brasilianischen-urwald\/"},"modified":"2019-05-30T14:49:11","modified_gmt":"2019-05-30T12:49:11","slug":"illegaler-sojaanbau-vernichtet-brasilianischen-urwald","status":"publish","type":"post","link":"https:\/\/www.greenpeace.ch\/de\/story\/19272\/illegaler-sojaanbau-vernichtet-brasilianischen-urwald\/","title":{"rendered":"Illegaler Sojaanbau vernichtet brasilianischen Urwald"},"content":{"rendered":"<p><b>Greenpeace hat am Montag im brasilianischen Bundesland Par\u00e0 gegen die gr\u00f6sste illegale Regenwald-Abholzung der vergangenen Jahre protestiert. Die friedliche Banner-Aktion hat die Sojaanbauer auf den Plan gerufen \u2013 die Profiteure dieser massiven Urwaldzerst\u00f6rung.<\/b><\/p>\n<div>\n<div class=\"events-box small-box left\">\n<div class=\"frame\">\n        <a class=\"open-img EnlargeImage\" href=\"https:\/\/www.greenpeace.ch\/static\/planet4-switzerland-stateless\/2019\/05\/01cf9c5b-01cf9c5b-pic199.jpg\" title=\"\"><br \/>\n            <img decoding=\"async\" id=\"ctl00_cphContentArea_Property3_ctl00_ctl02_Image1\" class=\"Thumbnail\" src=\"https:\/\/www.greenpeace.ch\/static\/planet4-switzerland-stateless\/2019\/05\/01cf9c5b-01cf9c5b-pic199.jpg\" alt=\"\" style=\"border-width:0px;\"><\/p>\n<p>        <\/a>\n    <\/div>\n<div class=\"events-content no-title\">\n        <span class=\"date\"><\/span><br \/>\n        <strong><\/strong><\/p>\n<p>\n            \u00a9 Daniel Beltra \/ Greenpeace\n        <\/p>\n<\/p>\n<\/div>\n<\/div>\n<p class=\"bodytext\">Z\u00fcrich. Der Pr\u00e4sident der landwirtschaftlichen Produktionsgemeinschaft in Santar\u00e9m, Jos\u00e9 Donizetti Pires de Oliveira griff die Greenpeace-Aktivisten mit Messern an, zerst\u00f6rte Transparent und Autos. Die Aktivisten haben sich zur\u00fcckgezogen und sind auf dem Weg zur\u00fcck nach Santar\u00e9m. Tief im brasilianischen Urwald, nahe Santar\u00e9m, hatten sie am Montag ein gro\u00dfes Protestbanner auf einer riesigen kahl geschlagenen Fl\u00e4che ausgebreitet.<\/p>\n<ul class=\"action-items\">\n<li><span class=\"text\">\n<p><a class=\"normal\" href=\"http:\/\/www.greenpeace.de\/themen\/waelder\/nachrichten\/artikel\/illegaler_sojaanbau_vernichtet_brasilianischen_urwald\/\" target=\"gpde\" rel=\"noopener noreferrer\">Mehr zu dieser Aktion (greenpeace.de)<\/a><\/p>\n<p><\/span><\/li>\n<\/ul>\n<\/div>\n","protected":false},"excerpt":{"rendered":"<p>Greenpeace hat am Montag im brasilianischen Bundesland Par\u00e0 gegen die gr\u00f6sste illegale Regenwald-Abholzung der vergangenen Jahre protestiert. Die friedliche Banner-Aktion hat die Sojaanbauer auf den Plan gerufen \u2013 die Profiteure&hellip;<\/p>\n","protected":false},"author":23,"featured_media":19274,"comment_status":"closed","ping_status":"open","sticky":false,"template":"","format":"standard","meta":{"_acf_changed":false,"_planet4_optimize_post_is_variant":false,"_planet4_optimize_experiment_name":"","_planet4_optimize_variant_name":"","ep_exclude_from_search":false,"p4_og_title":"","p4_og_description":"","p4_og_image":"","p4_og_image_id":"","p4_seo_canonical_url":"","p4_campaign_name":"","p4_local_project":"","p4_basket_name":"","p4_department":"","footnotes":""},"categories":[1],"tags":[],"p4-page-type":[75],"gpch-article-type":[],"class_list":["post-19272","post","type-post","status-publish","format-standard","has-post-thumbnail","hentry","category-unkategorisiert","p4-page-type-story"],"acf":[],"_links":{"self":[{"href":"https:\/\/www.greenpeace.ch\/de\/wp-json\/wp\/v2\/posts\/19272","targetHints":{"allow":["GET"]}}],"collection":[{"href":"https:\/\/www.greenpeace.ch\/de\/wp-json\/wp\/v2\/posts"}],"about":[{"href":"https:\/\/www.greenpeace.ch\/de\/wp-json\/wp\/v2\/types\/post"}],"author":[{"embeddable":true,"href":"https:\/\/www.greenpeace.ch\/de\/wp-json\/wp\/v2\/users\/23"}],"replies":[{"embeddable":true,"href":"https:\/\/www.greenpeace.ch\/de\/wp-json\/wp\/v2\/comments?post=19272"}],"version-history":[{"count":0,"href":"https:\/\/www.greenpeace.ch\/de\/wp-json\/wp\/v2\/posts\/19272\/revisions"}],"wp:featuredmedia":[{"embeddable":true,"href":"https:\/\/www.greenpeace.ch\/de\/wp-json\/wp\/v2\/media\/19274"}],"wp:attachment":[{"href":"https:\/\/www.greenpeace.ch\/de\/wp-json\/wp\/v2\/media?parent=19272"}],"wp:term":[{"taxonomy":"category","embeddable":true,"href":"https:\/\/www.greenpeace.ch\/de\/wp-json\/wp\/v2\/categories?post=19272"},{"taxonomy":"post_tag","embeddable":true,"href":"https:\/\/www.greenpeace.ch\/de\/wp-json\/wp\/v2\/tags?post=19272"},{"taxonomy":"p4-page-type","embeddable":true,"href":"https:\/\/www.greenpeace.ch\/de\/wp-json\/wp\/v2\/p4-page-type?post=19272"},{"taxonomy":"gpch-article-type","embeddable":true,"href":"https:\/\/www.greenpeace.ch\/de\/wp-json\/wp\/v2\/gpch-article-type?post=19272"}],"curies":[{"name":"wp","href":"https:\/\/api.w.org\/{rel}","templated":true}]}}