{"id":19284,"date":"2006-02-26T00:00:00","date_gmt":"2006-02-25T22:00:00","guid":{"rendered":"https:\/\/master.greenpeace.ch\/beitrag\/19284\/greenpeace-auf-den-spuren-der-piratenfischer\/"},"modified":"2019-05-30T14:49:27","modified_gmt":"2019-05-30T12:49:27","slug":"greenpeace-auf-den-spuren-der-piratenfischer","status":"publish","type":"post","link":"https:\/\/www.greenpeace.ch\/de\/story\/19284\/greenpeace-auf-den-spuren-der-piratenfischer\/","title":{"rendered":"Greenpeace auf den Spuren der Piratenfischer"},"content":{"rendered":"<p><b>Nachdem Greenpeace 70 Tage im S\u00fcdpolarmeer der japanischen Walfangflotte getrotzt hatte, l\u00e4uft das Greenpeace-Schiff \u00abMY Esperanza\u00bb nun f\u00fcr die n\u00e4chste Etappe der Expedition \u00abSOS Weltmeer\u00bb in den Atlantik aus: T\u00e4glich pl\u00fcndern Piratenfischer weltweit das Meer und hinterlassen eine Spur der Verw\u00fcstung. Greenpeace und \u00abEnvironmental Justice Foundation\u00bb arbeiten zusammen, um die Zerst\u00f6rung durch die Piratenfischerei aufzuzeigen. Sie fordern die Regierungen weltweit auf, ihre H\u00e4fen und M\u00e4rkte f\u00fcr Piratenfischer zu schliessen und Konzerne, die diese unterst\u00fctzen zur Verantwortung zu ziehen.<\/b><\/p>\n<div>\n<div class=\"events-box small-box left\">\n<div class=\"frame\">\n        <a class=\"open-img EnlargeImage\" href=\"https:\/\/www.greenpeace.ch\/static\/planet4-switzerland-stateless\/2019\/05\/e1a7bbb7-e1a7bbb7-pic202.jpg\" title=\"\"><br \/>\n            <img decoding=\"async\" id=\"ctl00_cphContentArea_Property3_ctl00_ctl01_Image1\" class=\"Thumbnail\" src=\"https:\/\/www.greenpeace.ch\/static\/planet4-switzerland-stateless\/2019\/05\/e1a7bbb7-e1a7bbb7-pic202.jpg\" alt=\"\" style=\"border-width:0px;\"><\/p>\n<p>        <\/a>\n    <\/div>\n<div class=\"events-content no-title\">\n        <span class=\"date\"><\/span><br \/>\n        <strong><\/strong><\/p>\n<p>\n            \u00a9 Greenpeace\n        <\/p>\n<\/p>\n<\/div>\n<\/div>\n<p class=\"bodytext\">Die illegale, unregulierte und undokumentierte<br \/>\nFischerei (IUU-Fischerei) registriert ihre Schiffe vor allem in so<br \/>\ngenannten Billigflaggenl\u00e4ndern und umgeht dadurch alle<br \/>\ninternationalen Fischereiabkommen. Die meisten Piratenfischer<br \/>\nsegeln unter der Flagge von Panama, Belize und Honduras, aber auch<br \/>\nEU-Staaten wie Malta, Zypern und die Slowakei bieten Billigflaggen<br \/>\nan. Die Piratenbeute wird nicht selten auf See illegal an<br \/>\nFrachtschiffe \u00fcbergeben, absichtlich mit legalem Fang vermischt und<br \/>\ndann in \u00bblegitimen\u00bb H\u00e4fen verkauft.<\/p>\n<ul class=\"action-items\">\n<li><a href=\"http:\/\/oceans.greenpeace.org\/de\/werden-sie-ocean-defender\" target=\"gpi\" class=\"normal\" rel=\"noopener noreferrer\">Werden sie ein Meeressch\u00fctzer!<\/a><\/li>\n<li><a href=\"http:\/\/weblog.greenpeace.org\/oceandefenders\/\" target=\"gpi\" class=\"normal\" rel=\"noopener noreferrer\">Weblog der Crew und AktivistInnen<br \/>\n(engl.)<\/a><\/li>\n<\/ul>\n<\/div>\n","protected":false},"excerpt":{"rendered":"<p>Nachdem Greenpeace 70 Tage im S\u00fcdpolarmeer der japanischen Walfangflotte getrotzt hatte, l\u00e4uft das Greenpeace-Schiff \u00abMY Esperanza\u00bb nun f\u00fcr die n\u00e4chste Etappe der Expedition \u00abSOS Weltmeer\u00bb in den Atlantik aus: T\u00e4glich&hellip;<\/p>\n","protected":false},"author":23,"featured_media":19286,"comment_status":"closed","ping_status":"open","sticky":false,"template":"","format":"standard","meta":{"_acf_changed":false,"_planet4_optimize_post_is_variant":false,"_planet4_optimize_experiment_name":"","_planet4_optimize_variant_name":"","ep_exclude_from_search":false,"p4_og_title":"","p4_og_description":"","p4_og_image":"","p4_og_image_id":"","p4_seo_canonical_url":"","p4_campaign_name":"","p4_local_project":"","p4_basket_name":"","p4_department":"","footnotes":""},"categories":[1],"tags":[],"p4-page-type":[75],"gpch-article-type":[],"class_list":["post-19284","post","type-post","status-publish","format-standard","has-post-thumbnail","hentry","category-unkategorisiert","p4-page-type-story"],"acf":[],"_links":{"self":[{"href":"https:\/\/www.greenpeace.ch\/de\/wp-json\/wp\/v2\/posts\/19284","targetHints":{"allow":["GET"]}}],"collection":[{"href":"https:\/\/www.greenpeace.ch\/de\/wp-json\/wp\/v2\/posts"}],"about":[{"href":"https:\/\/www.greenpeace.ch\/de\/wp-json\/wp\/v2\/types\/post"}],"author":[{"embeddable":true,"href":"https:\/\/www.greenpeace.ch\/de\/wp-json\/wp\/v2\/users\/23"}],"replies":[{"embeddable":true,"href":"https:\/\/www.greenpeace.ch\/de\/wp-json\/wp\/v2\/comments?post=19284"}],"version-history":[{"count":0,"href":"https:\/\/www.greenpeace.ch\/de\/wp-json\/wp\/v2\/posts\/19284\/revisions"}],"wp:featuredmedia":[{"embeddable":true,"href":"https:\/\/www.greenpeace.ch\/de\/wp-json\/wp\/v2\/media\/19286"}],"wp:attachment":[{"href":"https:\/\/www.greenpeace.ch\/de\/wp-json\/wp\/v2\/media?parent=19284"}],"wp:term":[{"taxonomy":"category","embeddable":true,"href":"https:\/\/www.greenpeace.ch\/de\/wp-json\/wp\/v2\/categories?post=19284"},{"taxonomy":"post_tag","embeddable":true,"href":"https:\/\/www.greenpeace.ch\/de\/wp-json\/wp\/v2\/tags?post=19284"},{"taxonomy":"p4-page-type","embeddable":true,"href":"https:\/\/www.greenpeace.ch\/de\/wp-json\/wp\/v2\/p4-page-type?post=19284"},{"taxonomy":"gpch-article-type","embeddable":true,"href":"https:\/\/www.greenpeace.ch\/de\/wp-json\/wp\/v2\/gpch-article-type?post=19284"}],"curies":[{"name":"wp","href":"https:\/\/api.w.org\/{rel}","templated":true}]}}