{"id":19296,"date":"2006-02-09T00:00:00","date_gmt":"2006-02-08T22:00:00","guid":{"rendered":"https:\/\/master.greenpeace.ch\/beitrag\/19296\/im-aargau-aufsichtsbeschwerde-eingereicht-2\/"},"modified":"2019-05-30T14:49:43","modified_gmt":"2019-05-30T12:49:43","slug":"im-aargau-aufsichtsbeschwerde-eingereicht-2","status":"publish","type":"post","link":"https:\/\/www.greenpeace.ch\/de\/story\/19296\/im-aargau-aufsichtsbeschwerde-eingereicht-2\/","title":{"rendered":"Im Aargau Aufsichtsbeschwerde eingereicht"},"content":{"rendered":"<p><b>Greenpeace auf Feinstaub-Tour durch die Schweiz:<\/b><\/p>\n<div>\n<div class=\"events-box small-box left\">\n<div class=\"frame\">\n        <a class=\"open-img EnlargeImage\" href=\"https:\/\/www.greenpeace.ch\/static\/planet4-switzerland-stateless\/2019\/05\/fb336d81-fb336d81-pic208.jpg\" title=\"\"><br \/>\n            <img decoding=\"async\" id=\"ctl00_cphContentArea_Property3_ctl00_ctl02_Image1\" class=\"Thumbnail\" src=\"https:\/\/www.greenpeace.ch\/static\/planet4-switzerland-stateless\/2019\/05\/fb336d81-fb336d81-pic208.jpg\" alt=\"\" style=\"border-width:0px;\"><\/p>\n<p>        <\/a>\n    <\/div>\n<div class=\"events-content no-title\">\n        <span class=\"date\"><\/span><br \/>\n        <strong><\/strong><\/p>\n<p>\n            \u00a9 Schmutz \/ Greenpeace\n        <\/p>\n<\/p>\n<\/div>\n<\/div>\n<p class=\"bodytext\"><strong>Der Strassenverkehr ist in St\u00e4dten, Agglomerationen und entlang von Autobahnen hauptverantwortlich f\u00fcr die regelm\u00e4ssig viel zu hohen, gesundheitssch\u00e4digenden Feinstaubkonzentrationen. Auf ihrer \u00abFeinstaub-Tour\u00bb durch Schweizer St\u00e4dte macht die Umweltorganisation Greenpeace heute in Aarau Halt. Greenpeace fordert von Bund und Kantonen drastische Massnahmen, damit die Grenzwerte endlich eingehalten werden k\u00f6nnen. Gerade auch der Kanton Aargau muss handeln. Deshalb hat Greenpeace heute beim Regierungsrat Aufsichtsbeschwerde eingereicht. Es kann nicht sein, dass die ungebremste Mobilit\u00e4t weiterhin auf Kosten unserer Gesundheit und des Klimas geht.<\/strong><\/p>\n<p class=\"bodytext\">Z\u00fcrich\/ Aarau. Greenpeace hat heute beim Aargauer Regierungsrat eine Aufsichtsbeschwerde eingereicht. Zwischen 1990 und 2004 hat die Anzahl an Motorfahrzeugen mit 37,43 Prozent im gesamtschweizerischen Vergleich (31,18 Prozent) \u00fcberdurchschnittlich zugenommen. Ungeachtet der massiven gesundheitlichen Auswirkungen hat der Kanton dieses Wachstum nicht nur zugelassen, sondern beispielsweise mit einem forcierten Strassenbau sogar gef\u00f6rdert.<\/p>\n<p class=\"bodytext\">Gleichzeitig enth\u00e4lt der Aargauer Luftreinhalteplan kaum Konkretes. Greenpeace verlangt in ihrer Aufsichtsbeschwerde vom zust\u00e4ndigen Departement f\u00fcr Bau, Verkehr und Umwelt (BVU), das Vers\u00e4umte nachzuholen und Massnahmen einzuleiten, die das Recht der Aargauer Bev\u00f6lkerung auf gesunde Luft garantieren.<\/p>\n<ul class=\"action-items\">\n<li><a title=\"Startet den Datei-Download\" href=\"https:\/\/www.greenpeace.ch\/wp-content\/uploads\/2017\/01\/190106_aufsichtsbeschw.pdf\" target=\"beschwerde\" rel=\"noopener noreferrer\">Aufsichtsbeschwerde Kanton Aargau 10. Februar 2006 (download 221kb)<\/a><\/li>\n<\/ul>\n<\/div>\n","protected":false},"excerpt":{"rendered":"<p>Greenpeace auf Feinstaub-Tour durch die Schweiz: \u00a9 Schmutz \/ Greenpeace Der Strassenverkehr ist in St\u00e4dten, Agglomerationen und entlang von Autobahnen hauptverantwortlich f\u00fcr die regelm\u00e4ssig viel zu hohen, gesundheitssch\u00e4digenden Feinstaubkonzentrationen. Auf&hellip;<\/p>\n","protected":false},"author":23,"featured_media":19298,"comment_status":"closed","ping_status":"open","sticky":false,"template":"","format":"standard","meta":{"_acf_changed":false,"_planet4_optimize_post_is_variant":false,"_planet4_optimize_experiment_name":"","_planet4_optimize_variant_name":"","ep_exclude_from_search":false,"p4_og_title":"","p4_og_description":"","p4_og_image":"","p4_og_image_id":"","p4_seo_canonical_url":"","p4_campaign_name":"","p4_local_project":"","p4_basket_name":"","p4_department":"","footnotes":""},"categories":[1],"tags":[],"p4-page-type":[75],"gpch-article-type":[],"class_list":["post-19296","post","type-post","status-publish","format-standard","has-post-thumbnail","hentry","category-unkategorisiert","p4-page-type-story"],"acf":[],"_links":{"self":[{"href":"https:\/\/www.greenpeace.ch\/de\/wp-json\/wp\/v2\/posts\/19296","targetHints":{"allow":["GET"]}}],"collection":[{"href":"https:\/\/www.greenpeace.ch\/de\/wp-json\/wp\/v2\/posts"}],"about":[{"href":"https:\/\/www.greenpeace.ch\/de\/wp-json\/wp\/v2\/types\/post"}],"author":[{"embeddable":true,"href":"https:\/\/www.greenpeace.ch\/de\/wp-json\/wp\/v2\/users\/23"}],"replies":[{"embeddable":true,"href":"https:\/\/www.greenpeace.ch\/de\/wp-json\/wp\/v2\/comments?post=19296"}],"version-history":[{"count":0,"href":"https:\/\/www.greenpeace.ch\/de\/wp-json\/wp\/v2\/posts\/19296\/revisions"}],"wp:featuredmedia":[{"embeddable":true,"href":"https:\/\/www.greenpeace.ch\/de\/wp-json\/wp\/v2\/media\/19298"}],"wp:attachment":[{"href":"https:\/\/www.greenpeace.ch\/de\/wp-json\/wp\/v2\/media?parent=19296"}],"wp:term":[{"taxonomy":"category","embeddable":true,"href":"https:\/\/www.greenpeace.ch\/de\/wp-json\/wp\/v2\/categories?post=19296"},{"taxonomy":"post_tag","embeddable":true,"href":"https:\/\/www.greenpeace.ch\/de\/wp-json\/wp\/v2\/tags?post=19296"},{"taxonomy":"p4-page-type","embeddable":true,"href":"https:\/\/www.greenpeace.ch\/de\/wp-json\/wp\/v2\/p4-page-type?post=19296"},{"taxonomy":"gpch-article-type","embeddable":true,"href":"https:\/\/www.greenpeace.ch\/de\/wp-json\/wp\/v2\/gpch-article-type?post=19296"}],"curies":[{"name":"wp","href":"https:\/\/api.w.org\/{rel}","templated":true}]}}