{"id":19308,"date":"2006-02-13T00:00:00","date_gmt":"2006-02-12T22:00:00","guid":{"rendered":"https:\/\/master.greenpeace.ch\/beitrag\/19308\/brasilien-schuetzt-65-millionen-hektar-regenwald\/"},"modified":"2019-05-30T14:50:01","modified_gmt":"2019-05-30T12:50:01","slug":"brasilien-schuetzt-65-millionen-hektar-regenwald","status":"publish","type":"post","link":"https:\/\/www.greenpeace.ch\/de\/story\/19308\/brasilien-schuetzt-65-millionen-hektar-regenwald\/","title":{"rendered":"Brasilien sch\u00fctzt 6,5 Millionen Hektar Regenwald"},"content":{"rendered":"<p><b>Erneut tr\u00e4gt unser jahrelanger Einsatz f\u00fcr den Schutz der Urw\u00e4lder Erfolg: Der brasilianische Pr\u00e4sident Luiz In\u00e1cio Lula da Silva hat am Montag ein Gesetz erlassen, das 6,48 Millionen Hektar des Amazonas-Regenwald unter Schutz stellt. Das entspricht der doppelten Fl\u00e4che Belgiens.<\/b><\/p>\n<div>\n<div class=\"events-box small-box left\">\n<div class=\"frame\">\n        <a class=\"open-img EnlargeImage\" href=\"https:\/\/www.greenpeace.ch\/static\/planet4-switzerland-stateless\/2019\/05\/0d841348-0d841348-pic206.jpg\" title=\"\"><br \/>\n            <img decoding=\"async\" id=\"ctl00_cphContentArea_Property3_ctl00_ctl02_Image1\" class=\"Thumbnail\" src=\"https:\/\/www.greenpeace.ch\/static\/planet4-switzerland-stateless\/2019\/05\/0d841348-0d841348-pic206.jpg\" alt=\"\" style=\"border-width:0px;\"><\/p>\n<p>        <\/a>\n    <\/div>\n<div class=\"events-content no-title\">\n        <span class=\"date\"><\/span><br \/>\n        <strong><\/strong><\/p>\n<p>\n            \u00a9 Daniel Beltra \/ Greenpeace\n        <\/p>\n<\/p>\n<\/div>\n<\/div>\n<p class=\"bodytext\">Z\u00fcrich. 1,6 Millionen Hektar werden dauerhaft gesch\u00fctzt. Hier darf weder abgeholzt noch gerodet werden. Auf weiteren 2,8 Millionen Hektar soll die Waldnutzung zwar erlaubt sein, aber nur mit \u00f6kologischen und sozialen Auflagen. F\u00fcr zwei Millionen Hektar sollen klare Nutzungsvorgaben zum langfristigen Erhalt des Waldes beitragen.<\/p>\n<p>Der Schutz des Waldes hat nicht nur den Schutz von Pflanzen und Tieren zur Folge. Mit gro\u00dfer Freude haben viele Einwohner des Bundesstaates Para von der Nachricht erfahren. Noch am Wochenende hatten sie der Ermordung der Nonne Dorothy Stang am 12.02.2005 gedachten. Dieser 74-j\u00e4hrige Quergeist fiel einem Mordanschlag zum Opfer &#8211; kein Einzelfall. M\u00e4chtige Holz- und Agrarfirmen schrecken vor Mord und Vertreibung nicht zur\u00fcck, wenn Quergeister ihre finsteren Pl\u00e4ne durchkreuzen.<\/p>\n<ul class=\"action-items\">\n<li><a class=\"normal\" href=\"http:\/\/www.greenpeace.de\/themen\/waelder\/nachrichten\/artikel\/brasilien_schuetzt_65_millionen_hektar_regenwald\/\" target=\"gpde\" rel=\"noopener noreferrer\">Mehr zum Erfolg (greenpeace.de)<\/a><\/li>\n<\/ul>\n<\/div>\n","protected":false},"excerpt":{"rendered":"<p>Erneut tr\u00e4gt unser jahrelanger Einsatz f\u00fcr den Schutz der Urw\u00e4lder Erfolg: Der brasilianische Pr\u00e4sident Luiz In\u00e1cio Lula da Silva hat am Montag ein Gesetz erlassen, das 6,48 Millionen Hektar des&hellip;<\/p>\n","protected":false},"author":23,"featured_media":19310,"comment_status":"closed","ping_status":"open","sticky":false,"template":"","format":"standard","meta":{"_acf_changed":false,"_planet4_optimize_post_is_variant":false,"_planet4_optimize_experiment_name":"","_planet4_optimize_variant_name":"","ep_exclude_from_search":false,"p4_og_title":"","p4_og_description":"","p4_og_image":"","p4_og_image_id":"","p4_seo_canonical_url":"","p4_campaign_name":"","p4_local_project":"","p4_basket_name":"","p4_department":"","footnotes":""},"categories":[1],"tags":[],"p4-page-type":[75],"gpch-article-type":[],"class_list":["post-19308","post","type-post","status-publish","format-standard","has-post-thumbnail","hentry","category-unkategorisiert","p4-page-type-story"],"acf":[],"_links":{"self":[{"href":"https:\/\/www.greenpeace.ch\/de\/wp-json\/wp\/v2\/posts\/19308","targetHints":{"allow":["GET"]}}],"collection":[{"href":"https:\/\/www.greenpeace.ch\/de\/wp-json\/wp\/v2\/posts"}],"about":[{"href":"https:\/\/www.greenpeace.ch\/de\/wp-json\/wp\/v2\/types\/post"}],"author":[{"embeddable":true,"href":"https:\/\/www.greenpeace.ch\/de\/wp-json\/wp\/v2\/users\/23"}],"replies":[{"embeddable":true,"href":"https:\/\/www.greenpeace.ch\/de\/wp-json\/wp\/v2\/comments?post=19308"}],"version-history":[{"count":0,"href":"https:\/\/www.greenpeace.ch\/de\/wp-json\/wp\/v2\/posts\/19308\/revisions"}],"wp:featuredmedia":[{"embeddable":true,"href":"https:\/\/www.greenpeace.ch\/de\/wp-json\/wp\/v2\/media\/19310"}],"wp:attachment":[{"href":"https:\/\/www.greenpeace.ch\/de\/wp-json\/wp\/v2\/media?parent=19308"}],"wp:term":[{"taxonomy":"category","embeddable":true,"href":"https:\/\/www.greenpeace.ch\/de\/wp-json\/wp\/v2\/categories?post=19308"},{"taxonomy":"post_tag","embeddable":true,"href":"https:\/\/www.greenpeace.ch\/de\/wp-json\/wp\/v2\/tags?post=19308"},{"taxonomy":"p4-page-type","embeddable":true,"href":"https:\/\/www.greenpeace.ch\/de\/wp-json\/wp\/v2\/p4-page-type?post=19308"},{"taxonomy":"gpch-article-type","embeddable":true,"href":"https:\/\/www.greenpeace.ch\/de\/wp-json\/wp\/v2\/gpch-article-type?post=19308"}],"curies":[{"name":"wp","href":"https:\/\/api.w.org\/{rel}","templated":true}]}}