{"id":19312,"date":"2006-02-04T00:00:00","date_gmt":"2006-02-03T22:00:00","guid":{"rendered":"https:\/\/master.greenpeace.ch\/beitrag\/19312\/feinstaub-zum-greifen-nah\/"},"modified":"2019-05-30T14:50:06","modified_gmt":"2019-05-30T12:50:06","slug":"feinstaub-zum-greifen-nah","status":"publish","type":"post","link":"https:\/\/www.greenpeace.ch\/de\/story\/19312\/feinstaub-zum-greifen-nah\/","title":{"rendered":"\u00abFeinstaub zum Greifen nah\u00bb"},"content":{"rendered":"<p><b>Seit Wochen sind die Grenzwerte f\u00fcr Feinstaub (PM10) in der ganzen Schweiz regelm\u00e4ssig \u00fcberschritten, obwohl nur eine \u00dcberschreitung pro Jahr zul\u00e4ssig w\u00e4re. 15 Aktivistinnen und Aktivisten der Greenpeace Regionalgruppe Z\u00fcrcher Oberland haben am Sonntag auf dem zugefrorenen Greifensee die nicht mittelbar wahrnehmbare Gefahr mittels einer Aktion sichtbar gemacht. Auf der Eisfl\u00e4che stand in grossen Lettern \u00abFeinstaub zum Greifen nah\u00bb zu lesen. Zudem machten sie auf die vor\u00fcbergehende Verkehrsmehrbelastung der Umgebung Greifensee aufmerksam und riefen die Besucherinnen und Besucher der Seegfr\u00f6rni auf, mit den \u00f6ffentlichen Verkehrsmitteln anzureisen.<\/b><\/p>\n<div>\n<div class=\"events-box small-box left\">\n<div class=\"frame\">\n        <a class=\"open-img EnlargeImage\" href=\"https:\/\/www.greenpeace.ch\/static\/planet4-switzerland-stateless\/2019\/05\/1c41628d-1c41628d-pic211.jpg\" title=\"\"><br \/>\n            <img decoding=\"async\" id=\"ctl00_cphContentArea_Property3_ctl00_ctl02_Image1\" class=\"Thumbnail\" src=\"https:\/\/www.greenpeace.ch\/static\/planet4-switzerland-stateless\/2019\/05\/1c41628d-1c41628d-pic211.jpg\" alt=\"\" style=\"border-width:0px;\"><\/p>\n<p>        <\/a>\n    <\/div>\n<div class=\"events-content no-title\">\n        <span class=\"date\"><\/span><br \/>\n        <strong><\/strong><\/p>\n<p>\n            \u00a9 Schmutz \/ Greenpeace\n        <\/p>\n<\/p>\n<\/div>\n<\/div>\n<p class=\"bodytext\">Der zugefrorene Greifensee ist neu ein Anziehungspunkt f\u00fcr Personen aus dem Kanton Z\u00fcrich und sogar anderen Kantonen, das ist nicht erstaunlich. Dass die Besucherinnen und Besucher meist mit ihrem eigenen Auto anreisen, f\u00fchrt jedoch zu einer erheblichen Verkehrsmehrbelastung um den See. Die Folgen sind schleppender Verkehr, wildes Parkieren sowie tuckernde PKWs auf der Suche nach einem nahe gelegenen Parkplatz.<\/p>\n<p>Nebst den sicherheitsrelevanten Aspekten, die diese Mehrbelastung mit sich bringt, steigt auch eine andere Belastung erheblich: erh\u00f6hte Werte des lungeng\u00e4ngigen Feinstaubs sind an der Tagesordnung. \u00abEs ist f\u00fcr mich unverst\u00e4ndlich, wenn Leute mit dem Auto an \u00abdie frische Luft\u00bb fahren und so ihre Gesundheit und die ihrer Mitmenschen gef\u00e4hrden! Zumal es auch gute Alternativen gibt\u00bb sagt Ren\u00e9 Gasser, Mitglied der Greenpeace Regionalgruppe. So wurde ein gratis Shuttle-Bus-Betrieb eingerichtet, welcher vom Bahnhof Uster an den See und zur\u00fcck f\u00e4hrt.<\/p>\n<ul>\n<li><a class=\"normal\" href=\"http:\/\/weblogs.greenpeace.ch\/feinstaub\" target=\"neu\" rel=\"noopener noreferrer\">Weblog zur Greenpeace Feinstaub-Tour<\/a><\/li>\n<\/ul>\n<\/div>\n","protected":false},"excerpt":{"rendered":"<p>Seit Wochen sind die Grenzwerte f\u00fcr Feinstaub (PM10) in der ganzen Schweiz regelm\u00e4ssig \u00fcberschritten, obwohl nur eine \u00dcberschreitung pro Jahr zul\u00e4ssig w\u00e4re. 15 Aktivistinnen und Aktivisten der Greenpeace Regionalgruppe Z\u00fcrcher&hellip;<\/p>\n","protected":false},"author":23,"featured_media":19314,"comment_status":"closed","ping_status":"open","sticky":false,"template":"","format":"standard","meta":{"_acf_changed":false,"_planet4_optimize_post_is_variant":false,"_planet4_optimize_experiment_name":"","_planet4_optimize_variant_name":"","ep_exclude_from_search":false,"p4_og_title":"","p4_og_description":"","p4_og_image":"","p4_og_image_id":"","p4_seo_canonical_url":"","p4_campaign_name":"","p4_local_project":"","p4_basket_name":"","p4_department":"","footnotes":""},"categories":[1],"tags":[],"p4-page-type":[75],"gpch-article-type":[],"class_list":["post-19312","post","type-post","status-publish","format-standard","has-post-thumbnail","hentry","category-unkategorisiert","p4-page-type-story"],"acf":[],"_links":{"self":[{"href":"https:\/\/www.greenpeace.ch\/de\/wp-json\/wp\/v2\/posts\/19312","targetHints":{"allow":["GET"]}}],"collection":[{"href":"https:\/\/www.greenpeace.ch\/de\/wp-json\/wp\/v2\/posts"}],"about":[{"href":"https:\/\/www.greenpeace.ch\/de\/wp-json\/wp\/v2\/types\/post"}],"author":[{"embeddable":true,"href":"https:\/\/www.greenpeace.ch\/de\/wp-json\/wp\/v2\/users\/23"}],"replies":[{"embeddable":true,"href":"https:\/\/www.greenpeace.ch\/de\/wp-json\/wp\/v2\/comments?post=19312"}],"version-history":[{"count":0,"href":"https:\/\/www.greenpeace.ch\/de\/wp-json\/wp\/v2\/posts\/19312\/revisions"}],"wp:featuredmedia":[{"embeddable":true,"href":"https:\/\/www.greenpeace.ch\/de\/wp-json\/wp\/v2\/media\/19314"}],"wp:attachment":[{"href":"https:\/\/www.greenpeace.ch\/de\/wp-json\/wp\/v2\/media?parent=19312"}],"wp:term":[{"taxonomy":"category","embeddable":true,"href":"https:\/\/www.greenpeace.ch\/de\/wp-json\/wp\/v2\/categories?post=19312"},{"taxonomy":"post_tag","embeddable":true,"href":"https:\/\/www.greenpeace.ch\/de\/wp-json\/wp\/v2\/tags?post=19312"},{"taxonomy":"p4-page-type","embeddable":true,"href":"https:\/\/www.greenpeace.ch\/de\/wp-json\/wp\/v2\/p4-page-type?post=19312"},{"taxonomy":"gpch-article-type","embeddable":true,"href":"https:\/\/www.greenpeace.ch\/de\/wp-json\/wp\/v2\/gpch-article-type?post=19312"}],"curies":[{"name":"wp","href":"https:\/\/api.w.org\/{rel}","templated":true}]}}