{"id":19320,"date":"2006-02-05T00:00:00","date_gmt":"2006-02-04T22:00:00","guid":{"rendered":"https:\/\/master.greenpeace.ch\/beitrag\/19320\/greenpeace-fordert-verkehrspolitische-wende-2\/"},"modified":"2019-05-30T14:50:18","modified_gmt":"2019-05-30T12:50:18","slug":"greenpeace-fordert-verkehrspolitische-wende-2","status":"publish","type":"post","link":"https:\/\/www.greenpeace.ch\/de\/story\/19320\/greenpeace-fordert-verkehrspolitische-wende-2\/","title":{"rendered":"Greenpeace fordert verkehrspolitische Wende"},"content":{"rendered":"<p><b>Der Strassenverkehr ist in St\u00e4dten, Agglomerationen und entlang von Autobahnen hauptverantwortlich f\u00fcr die regelm\u00e4ssig viel zu hohen, gesundheitssch\u00e4digenden Feinstaubkonzentrationen. Greenpeace hat deshalb eine \u00abFeinstaub-Tour\u00bb gestartet. Die Umweltorganisation fordert von Bund und Kantonen drastische Massnahmen, damit die Grenzwerte endlich eingehalten werden. Das heisst: den Schweizer Individualverkehr vom Podest holen und eine Halbierung des Treibstoffverbrauchs in Angriff nehmen. Es kann nicht sein, dass die ungebremste Mobilit\u00e4t weiterhin auf Kosten der Gesundheit der Bev\u00f6lkerung und des Klimas geht.<\/b><\/p>\n<div>\n<div class=\"events-box small-box left\">\n<div class=\"frame\">\n        <a class=\"open-img EnlargeImage\" href=\"https:\/\/www.greenpeace.ch\/static\/planet4-switzerland-stateless\/2019\/05\/cf9c933e-cf9c933e-pic210.gif\" title=\"\"><br \/>\n            <img decoding=\"async\" id=\"ctl00_cphContentArea_Property3_ctl00_ctl02_Image1\" class=\"Thumbnail\" src=\"https:\/\/www.greenpeace.ch\/static\/planet4-switzerland-stateless\/2019\/05\/cf9c933e-cf9c933e-pic210.gif\" alt=\"\" style=\"border-width:0px;\"><\/p>\n<p>        <\/a>\n    <\/div>\n<div class=\"events-content no-title\">\n        <span class=\"date\"><\/span><br \/>\n        <strong><\/strong><\/p>\n<p>\n            \u00a9 Greenpeace\n        <\/p>\n<\/p>\n<\/div>\n<\/div>\n<p class=\"bodytext\">Luzern. Greenpeace wird Feinstaub-Messungen durchf\u00fchren und den Kontakt suchen mit der lokalen Bev\u00f6lkerung, gesundheitlich Betroffenen, Politikern und Politikerinnen sowie Fachleuten. Zudem will die Umweltorganisation die B\u00fcrgerinnen und B\u00fcrger motivieren, ihr Recht auf gesunde Luft einzufordern.<\/p>\n<ul class=\"action-items\">\n<li><a class=\"normal\" href=\"http:\/\/weblogs.greenpeace.ch\/feinstaub\/\" target=\"feinstaub\" rel=\"noopener noreferrer\">Weblog Feinstaubtour mit aktuellen Messwerten<\/a><\/li>\n<\/ul>\n<\/div>\n","protected":false},"excerpt":{"rendered":"<p>Der Strassenverkehr ist in St\u00e4dten, Agglomerationen und entlang von Autobahnen hauptverantwortlich f\u00fcr die regelm\u00e4ssig viel zu hohen, gesundheitssch\u00e4digenden Feinstaubkonzentrationen. Greenpeace hat deshalb eine \u00abFeinstaub-Tour\u00bb gestartet. Die Umweltorganisation fordert von Bund&hellip;<\/p>\n","protected":false},"author":23,"featured_media":19322,"comment_status":"closed","ping_status":"open","sticky":false,"template":"","format":"standard","meta":{"_acf_changed":false,"_planet4_optimize_post_is_variant":false,"_planet4_optimize_experiment_name":"","_planet4_optimize_variant_name":"","ep_exclude_from_search":false,"p4_og_title":"","p4_og_description":"","p4_og_image":"","p4_og_image_id":"","p4_seo_canonical_url":"","p4_campaign_name":"","p4_local_project":"","p4_basket_name":"","p4_department":"","footnotes":""},"categories":[1],"tags":[],"p4-page-type":[75],"gpch-article-type":[],"class_list":["post-19320","post","type-post","status-publish","format-standard","has-post-thumbnail","hentry","category-unkategorisiert","p4-page-type-story"],"acf":[],"_links":{"self":[{"href":"https:\/\/www.greenpeace.ch\/de\/wp-json\/wp\/v2\/posts\/19320","targetHints":{"allow":["GET"]}}],"collection":[{"href":"https:\/\/www.greenpeace.ch\/de\/wp-json\/wp\/v2\/posts"}],"about":[{"href":"https:\/\/www.greenpeace.ch\/de\/wp-json\/wp\/v2\/types\/post"}],"author":[{"embeddable":true,"href":"https:\/\/www.greenpeace.ch\/de\/wp-json\/wp\/v2\/users\/23"}],"replies":[{"embeddable":true,"href":"https:\/\/www.greenpeace.ch\/de\/wp-json\/wp\/v2\/comments?post=19320"}],"version-history":[{"count":0,"href":"https:\/\/www.greenpeace.ch\/de\/wp-json\/wp\/v2\/posts\/19320\/revisions"}],"wp:featuredmedia":[{"embeddable":true,"href":"https:\/\/www.greenpeace.ch\/de\/wp-json\/wp\/v2\/media\/19322"}],"wp:attachment":[{"href":"https:\/\/www.greenpeace.ch\/de\/wp-json\/wp\/v2\/media?parent=19320"}],"wp:term":[{"taxonomy":"category","embeddable":true,"href":"https:\/\/www.greenpeace.ch\/de\/wp-json\/wp\/v2\/categories?post=19320"},{"taxonomy":"post_tag","embeddable":true,"href":"https:\/\/www.greenpeace.ch\/de\/wp-json\/wp\/v2\/tags?post=19320"},{"taxonomy":"p4-page-type","embeddable":true,"href":"https:\/\/www.greenpeace.ch\/de\/wp-json\/wp\/v2\/p4-page-type?post=19320"},{"taxonomy":"gpch-article-type","embeddable":true,"href":"https:\/\/www.greenpeace.ch\/de\/wp-json\/wp\/v2\/gpch-article-type?post=19320"}],"curies":[{"name":"wp","href":"https:\/\/api.w.org\/{rel}","templated":true}]}}