{"id":19324,"date":"2006-02-07T00:00:00","date_gmt":"2006-02-06T22:00:00","guid":{"rendered":"https:\/\/master.greenpeace.ch\/beitrag\/19324\/kanada-regenwald-des-grossen-baeren-endlich-geschuetzt\/"},"modified":"2019-05-30T14:50:24","modified_gmt":"2019-05-30T12:50:24","slug":"kanada-regenwald-des-grossen-baeren-endlich-geschuetzt","status":"publish","type":"post","link":"https:\/\/www.greenpeace.ch\/de\/story\/19324\/kanada-regenwald-des-grossen-baeren-endlich-geschuetzt\/","title":{"rendered":"Kanada: Regenwald des Grossen B\u00e4ren endlich gesch\u00fctzt"},"content":{"rendered":"<p><b>Seit heute sind 1,8 Millionen Hektar Urwald an der Westk\u00fcste Kanadas langfristig vor der Abholzung gesch\u00fctzt. Dar\u00fcber hinaus soll im restlichen Gebiet des Great Bear Rainforest (Regenwald des Grossen B\u00e4ren) bis 2009 \u00f6kologische Waldnutzung eingef\u00fchrt werden. Dies verk\u00fcndete heute die Provinzregierung des kanadischen Bundesstaates Britisch Columbia.<\/b><\/p>\n<div>\n<div class=\"events-box small-box left\">\n<div class=\"frame\">\n        <a class=\"open-img EnlargeImage\" href=\"https:\/\/www.greenpeace.ch\/static\/planet4-switzerland-stateless\/2019\/05\/37b40891-37b40891-pic209.jpg\" title=\"\"><br \/>\n            <img decoding=\"async\" id=\"ctl00_cphContentArea_Property3_ctl00_ctl02_Image1\" class=\"Thumbnail\" src=\"https:\/\/www.greenpeace.ch\/static\/planet4-switzerland-stateless\/2019\/05\/37b40891-37b40891-pic209.jpg\" alt=\"\" style=\"border-width:0px;\"><\/p>\n<p>        <\/a>\n    <\/div>\n<div class=\"events-content no-title\">\n        <span class=\"date\"><\/span><br \/>\n        <strong><\/strong><\/p>\n<p>\n            \u00a9 Hunter \/ Greenpeace\n        <\/p>\n<\/p>\n<\/div>\n<\/div>\n<p class=\"bodytext\">Vancouver\/Z\u00fcrich. F\u00fcr die Umweltorganisation Greenpeace ist das einer der gr\u00f6ssten Erfolge in ihrer Geschichte. Seit 1997 hatten sich die Umweltsch\u00fctzer f\u00fcr den Schutz dieses Urwaldes eingesetzt und \u00fcber viele Jahre gegen dessen Vernichtung protestiert. Die Kampagne erregte weltweite Aufmerksamkeit. Seit 2001 hatte Greenpeace an dem jetzt verk\u00fcndeten Schutzkonzept mit gearbeitet.<\/p>\n<p>Der Regenwald im kanadischen Bundesstaat British Columbia ist der letzte grosse temperierte Regenwald der Erde und hat die Fl\u00e4che Hessens. In den Waldt\u00e4lern mit \u00fcber 1000-j\u00e4hrigen B\u00e4umen leben B\u00e4ren, W\u00f6lfe und Seeadler. Nur hier lebt der weisse Kermode-B\u00e4r, ein heiliges Symboltier einiger Indianerv\u00f6lker an der Westk\u00fcste Kanadas.<\/p>\n<p>\u00abJahrelanger friedlicher Protest und Beharrlichkeit haben sich gelohnt\u00bb, sagt Oliver Salge, Waldexperte bei Greenpeace. \u00abDas gibt mir Hoffnung f\u00fcr die anderen bedrohten Urw\u00e4lder dieses Planeten, etwa in Finnland oder am Amazonas.\u00bb<\/p>\n<ul class=\"action-items\">\n<li><a class=\"normal\" href=\"http:\/\/www.greenpeace.de\/themen\/waelder\/nachrichten\/artikel\/kanada_regenwald_des_grossen_baeren_endlich_geschuetzt\/\" target=\"gpde\" rel=\"noopener noreferrer\">mehr zum Great Bear Regenwald (greenpeace.de)<\/a><\/li>\n<\/ul>\n<\/div>\n","protected":false},"excerpt":{"rendered":"<p>Seit heute sind 1,8 Millionen Hektar Urwald an der Westk\u00fcste Kanadas langfristig vor der Abholzung gesch\u00fctzt. Dar\u00fcber hinaus soll im restlichen Gebiet des Great Bear Rainforest (Regenwald des Grossen B\u00e4ren)&hellip;<\/p>\n","protected":false},"author":23,"featured_media":19326,"comment_status":"closed","ping_status":"open","sticky":false,"template":"","format":"standard","meta":{"_acf_changed":false,"_planet4_optimize_post_is_variant":false,"_planet4_optimize_experiment_name":"","_planet4_optimize_variant_name":"","ep_exclude_from_search":false,"p4_og_title":"","p4_og_description":"","p4_og_image":"","p4_og_image_id":"","p4_seo_canonical_url":"","p4_campaign_name":"","p4_local_project":"","p4_basket_name":"","p4_department":"","footnotes":""},"categories":[1],"tags":[],"p4-page-type":[75],"gpch-article-type":[],"class_list":["post-19324","post","type-post","status-publish","format-standard","has-post-thumbnail","hentry","category-unkategorisiert","p4-page-type-story"],"acf":[],"_links":{"self":[{"href":"https:\/\/www.greenpeace.ch\/de\/wp-json\/wp\/v2\/posts\/19324","targetHints":{"allow":["GET"]}}],"collection":[{"href":"https:\/\/www.greenpeace.ch\/de\/wp-json\/wp\/v2\/posts"}],"about":[{"href":"https:\/\/www.greenpeace.ch\/de\/wp-json\/wp\/v2\/types\/post"}],"author":[{"embeddable":true,"href":"https:\/\/www.greenpeace.ch\/de\/wp-json\/wp\/v2\/users\/23"}],"replies":[{"embeddable":true,"href":"https:\/\/www.greenpeace.ch\/de\/wp-json\/wp\/v2\/comments?post=19324"}],"version-history":[{"count":0,"href":"https:\/\/www.greenpeace.ch\/de\/wp-json\/wp\/v2\/posts\/19324\/revisions"}],"wp:featuredmedia":[{"embeddable":true,"href":"https:\/\/www.greenpeace.ch\/de\/wp-json\/wp\/v2\/media\/19326"}],"wp:attachment":[{"href":"https:\/\/www.greenpeace.ch\/de\/wp-json\/wp\/v2\/media?parent=19324"}],"wp:term":[{"taxonomy":"category","embeddable":true,"href":"https:\/\/www.greenpeace.ch\/de\/wp-json\/wp\/v2\/categories?post=19324"},{"taxonomy":"post_tag","embeddable":true,"href":"https:\/\/www.greenpeace.ch\/de\/wp-json\/wp\/v2\/tags?post=19324"},{"taxonomy":"p4-page-type","embeddable":true,"href":"https:\/\/www.greenpeace.ch\/de\/wp-json\/wp\/v2\/p4-page-type?post=19324"},{"taxonomy":"gpch-article-type","embeddable":true,"href":"https:\/\/www.greenpeace.ch\/de\/wp-json\/wp\/v2\/gpch-article-type?post=19324"}],"curies":[{"name":"wp","href":"https:\/\/api.w.org\/{rel}","templated":true}]}}