{"id":19332,"date":"2006-01-19T00:00:00","date_gmt":"2006-01-18T22:00:00","guid":{"rendered":"https:\/\/master.greenpeace.ch\/beitrag\/19332\/wal-vor-japanischer-botschaft-wurde-zur-pilgerstaette\/"},"modified":"2019-05-30T14:50:36","modified_gmt":"2019-05-30T12:50:36","slug":"wal-vor-japanischer-botschaft-wurde-zur-pilgerstaette","status":"publish","type":"post","link":"https:\/\/www.greenpeace.ch\/de\/story\/19332\/wal-vor-japanischer-botschaft-wurde-zur-pilgerstaette\/","title":{"rendered":"Wal vor japanischer Botschaft wurde zur Pilgerst\u00e4tte"},"content":{"rendered":"<p><b>Die Mahnwache vor der japanischen Botschaft in Berlin mauserte sich gestern in den fr\u00fchen Morgenstunden zu einem Publikumsmagnet. Sch\u00fcler und Sch\u00fclerinnen, Anwohner und sonstige Schaulustige kamen vorbei und bekundeten ihre Solidarit\u00e4t mit der Aktion gegen den japanischen Walfang.<\/b><\/p>\n<div>\n<div class=\"events-box small-box left\">\n<div class=\"frame\">\n        <a class=\"open-img EnlargeImage\" href=\"https:\/\/www.greenpeace.ch\/static\/planet4-switzerland-stateless\/2019\/05\/610ff888-610ff888-pic217.jpg\" title=\"\"><br \/>\n            <img decoding=\"async\" id=\"ctl00_cphContentArea_Property3_ctl00_ctl01_Image1\" class=\"Thumbnail\" src=\"https:\/\/www.greenpeace.ch\/static\/planet4-switzerland-stateless\/2019\/05\/610ff888-610ff888-pic217.jpg\" alt=\"\" style=\"border-width:0px;\"><\/p>\n<p>        <\/a>\n    <\/div>\n<div class=\"events-content no-title\">\n        <span class=\"date\"><\/span><br \/>\n        <strong><\/strong><\/p>\n<p>\n            \u00a9 Langrock \/ Greenpeace\n        <\/p>\n<\/p>\n<\/div>\n<\/div>\n<p class=\"bodytext\">Z\u00fcrich\/Berlin. Auch die<br \/>\nGreenpeace-AktivistInnen im S\u00fcdpolarmeer haben von der Aktion in<br \/>\nBerlin erfahren. Regine Frerichs, derzeit in der Antarktis gegen<br \/>\ndie japanischen Walf\u00e4nger aktiv, schreibt: \u00abSuper! Hier sind alle<br \/>\nganz aufgeregt und ausgerechnet jetzt haben wir keine<br \/>\nInternetverbindung. Es ist klasse, dass auch vor der japanischen<br \/>\nBotschaft was passiert.\u00bb<\/p>\n<p class=\"bodytext\">Die japanische Walfangflotte will in dieser<br \/>\nSaison 935 Minkewale und zehn Finnwale abschlachten. In der<br \/>\nAntarktis an Bord des japanischen Fabrikschiffes \u00abNisshin Maru\u00bb<br \/>\nwerden die Wale sofort zerlegt und f\u00fcr den japanischen Markt<br \/>\nverarbeitet. Das Fleisch wird anschlie\u00dfend f\u00fcr bis zu 300 Euro pro<br \/>\nKilo verkauft.<\/p>\n<ul>\n<li><a href=\"http:\/\/www.greenpeace.de\/themen\/meere\/nachrichten\/artikel\/wal_vor_japanischer_botschaft_wird_zur_pilgerstaette\/\" target=\"gpd\" class=\"normal\" rel=\"noopener noreferrer\">mehr zum toten Wal vor der japanischen<br \/>\nBotschaft<\/a><\/li>\n<li><a href=\"http:\/\/oceans.greenpeace.org\/de\/werden-sie-ocean-defender\/\" target=\"ms\" class=\"normal\" rel=\"noopener noreferrer\">Werden Sie Meeressch\u00fctzer!<\/a><\/li>\n<\/ul>\n<\/div>\n","protected":false},"excerpt":{"rendered":"<p>Die Mahnwache vor der japanischen Botschaft in Berlin mauserte sich gestern in den fr\u00fchen Morgenstunden zu einem Publikumsmagnet. Sch\u00fcler und Sch\u00fclerinnen, Anwohner und sonstige Schaulustige kamen vorbei und bekundeten ihre&hellip;<\/p>\n","protected":false},"author":23,"featured_media":19334,"comment_status":"closed","ping_status":"open","sticky":false,"template":"","format":"standard","meta":{"_acf_changed":false,"_planet4_optimize_post_is_variant":false,"_planet4_optimize_experiment_name":"","_planet4_optimize_variant_name":"","ep_exclude_from_search":false,"p4_og_title":"","p4_og_description":"","p4_og_image":"","p4_og_image_id":"","p4_seo_canonical_url":"","p4_campaign_name":"","p4_local_project":"","p4_basket_name":"","p4_department":"","footnotes":""},"categories":[1],"tags":[],"p4-page-type":[75],"gpch-article-type":[],"class_list":["post-19332","post","type-post","status-publish","format-standard","has-post-thumbnail","hentry","category-unkategorisiert","p4-page-type-story"],"acf":[],"_links":{"self":[{"href":"https:\/\/www.greenpeace.ch\/de\/wp-json\/wp\/v2\/posts\/19332","targetHints":{"allow":["GET"]}}],"collection":[{"href":"https:\/\/www.greenpeace.ch\/de\/wp-json\/wp\/v2\/posts"}],"about":[{"href":"https:\/\/www.greenpeace.ch\/de\/wp-json\/wp\/v2\/types\/post"}],"author":[{"embeddable":true,"href":"https:\/\/www.greenpeace.ch\/de\/wp-json\/wp\/v2\/users\/23"}],"replies":[{"embeddable":true,"href":"https:\/\/www.greenpeace.ch\/de\/wp-json\/wp\/v2\/comments?post=19332"}],"version-history":[{"count":0,"href":"https:\/\/www.greenpeace.ch\/de\/wp-json\/wp\/v2\/posts\/19332\/revisions"}],"wp:featuredmedia":[{"embeddable":true,"href":"https:\/\/www.greenpeace.ch\/de\/wp-json\/wp\/v2\/media\/19334"}],"wp:attachment":[{"href":"https:\/\/www.greenpeace.ch\/de\/wp-json\/wp\/v2\/media?parent=19332"}],"wp:term":[{"taxonomy":"category","embeddable":true,"href":"https:\/\/www.greenpeace.ch\/de\/wp-json\/wp\/v2\/categories?post=19332"},{"taxonomy":"post_tag","embeddable":true,"href":"https:\/\/www.greenpeace.ch\/de\/wp-json\/wp\/v2\/tags?post=19332"},{"taxonomy":"p4-page-type","embeddable":true,"href":"https:\/\/www.greenpeace.ch\/de\/wp-json\/wp\/v2\/p4-page-type?post=19332"},{"taxonomy":"gpch-article-type","embeddable":true,"href":"https:\/\/www.greenpeace.ch\/de\/wp-json\/wp\/v2\/gpch-article-type?post=19332"}],"curies":[{"name":"wp","href":"https:\/\/api.w.org\/{rel}","templated":true}]}}