{"id":19336,"date":"2006-01-22T00:00:00","date_gmt":"2006-01-21T22:00:00","guid":{"rendered":"https:\/\/master.greenpeace.ch\/beitrag\/19336\/greenpeace-muss-suedpolarmeer-verlassen\/"},"modified":"2019-05-30T14:50:41","modified_gmt":"2019-05-30T12:50:41","slug":"greenpeace-muss-suedpolarmeer-verlassen","status":"publish","type":"post","link":"https:\/\/www.greenpeace.ch\/de\/story\/19336\/greenpeace-muss-suedpolarmeer-verlassen\/","title":{"rendered":"Greenpeace muss S\u00fcdpolarmeer verlassen"},"content":{"rendered":"<p><b>Nach 61 Tagen auf hoher See m\u00fcssen die Greenpeace-Schiffe \u00abEsperanza\u00bb und \u00abArctic Sunrise\u00bb das S\u00fcdpolarmeer verlassen. Die Tanks sind leer, die Crew und die Aktivisten an Bord ersch\u00f6pft. Trotz des gef\u00e4hrlichen und brutalen Verhaltens der japanischen Walf\u00e4nger im antarktischen Schutzgebiet ist es den Aktivistinnen gelungen, etliche Wale zu retten und die Jagd zu verz\u00f6gern. Es ist das erste Mal, dass Greenpeace-Schiffe \u00fcber einen so langen Zeitraum im Kielwasser der japanischen Walfangflotte bleiben konnten. Greenpace bleibt aber aktiv und spricht mit internationalen Firmen, die an der japanischen Walfangindustrie beteiligt sind.<\/b><\/p>\n<div>\n<div class=\"events-box small-box left\">\n<div class=\"frame\">\n        <a class=\"open-img EnlargeImage\" href=\"https:\/\/www.greenpeace.ch\/static\/planet4-switzerland-stateless\/2019\/05\/9521f927-9521f927-pic216.jpg\" title=\"\"><br \/>\n            <img decoding=\"async\" id=\"ctl00_cphContentArea_Property3_ctl00_ctl01_Image1\" class=\"Thumbnail\" src=\"https:\/\/www.greenpeace.ch\/static\/planet4-switzerland-stateless\/2019\/05\/9521f927-9521f927-pic216.jpg\" alt=\"\" style=\"border-width:0px;\"><\/p>\n<p>        <\/a>\n    <\/div>\n<div class=\"events-content no-title\">\n        <span class=\"date\"><\/span><br \/>\n        <strong><\/strong><\/p>\n<p>\n            \u00a9 Sutton-Hibbert \/ Greenpeace\n        <\/p>\n<\/p>\n<\/div>\n<\/div>\n<p class=\"bodytext\">\u00abWir w\u00fcrden gerne noch l\u00e4nger im S\u00fcdpolarmeer<br \/>\nbleiben und weitere Wale vor den Japanern sch\u00fctzen, doch leider<br \/>\nsind unsere Vorr\u00e4te aufgebraucht und unsere Mannschaft ist am Ende<br \/>\nihrer Kraft\u00bb, sagt die deutsche Aktivistin Regine Frerichs an Bord<br \/>\nder \u00abArctic Sunrise\u00bb. \u00abDie vergangenen Wochen haben uns alles<br \/>\nabverlangt. Es ist sehr belastend, wenn direkt neben einem Wale von<br \/>\nSprengladungen innerlich zerfetzt werden und sich anschliessend in<br \/>\nbis zu halbst\u00fcndigen Todesk\u00e4mpfen winden. Jetzt sind alle Tanks<br \/>\nleer und wir m\u00fcssen uns auf den R\u00fcckweg machen\u00bb. In etwa drei<br \/>\nWochen &#8211; je nach Wetter &#8211; werden die Aktivsten wieder zuhause<br \/>\nsein.<\/p>\n<p class=\"bodytext\">Die Greenpeace-Expedition in das S\u00fcdpolarmeer<br \/>\nist Teil einer einj\u00e4hrigen Fahrt \u00fcber die Weltmeere. Unter dem<br \/>\nMotto SOS Weltmeer wird die \u00abEsperanza\u00bb in den kommenden Monaten<br \/>\nweiter unterwegs sein. Walfang, \u00dcberfischung, Verschmutzung und<br \/>\nweitere Gefahren f\u00fcr die Meere stehen dabei im Mittelpunkt der<br \/>\nExpedition.<\/p>\n<ul>\n<li><a href=\"http:\/\/www.greenpeace.de\/themen\/meere\/nachrichten\/artikel\/deutsche_aktivistin_kehrt_aus_antarktischem_schutzgebiet_zurueck\/\" target=\"gpd\" class=\"normal\" rel=\"noopener noreferrer\">Werden sie ein<br \/>\nMeeressch\u00fctzer!<\/a><\/li>\n<li><a href=\"http:\/\/www.greenpeace.de\/themen\/meere\/nachrichten\/artikel\/deutsche_aktivistin_kehrt_aus_antarktischem_schutzgebiet_zurueck\/\" target=\"gpd\" class=\"normal\" rel=\"noopener noreferrer\">Deutsche Aktivistin kehrt aus<br \/>\nantarktischem Schutzgebiet zur\u00fcck<\/a><\/li>\n<li><a href=\"http:\/\/oceans.greenpeace.org\/en\/ocean-defenders-tv\" target=\"gpi\" class=\"normal\" rel=\"noopener noreferrer\">TV der Meeressch\u00fctzer: Aktuelle Bilder<br \/>\nder Expedition<\/a><\/li>\n<\/ul>\n<\/div>\n","protected":false},"excerpt":{"rendered":"<p>Nach 61 Tagen auf hoher See m\u00fcssen die Greenpeace-Schiffe \u00abEsperanza\u00bb und \u00abArctic Sunrise\u00bb das S\u00fcdpolarmeer verlassen. Die Tanks sind leer, die Crew und die Aktivisten an Bord ersch\u00f6pft. Trotz des&hellip;<\/p>\n","protected":false},"author":23,"featured_media":19338,"comment_status":"closed","ping_status":"open","sticky":false,"template":"","format":"standard","meta":{"_acf_changed":false,"_planet4_optimize_post_is_variant":false,"_planet4_optimize_experiment_name":"","_planet4_optimize_variant_name":"","ep_exclude_from_search":false,"p4_og_title":"","p4_og_description":"","p4_og_image":"","p4_og_image_id":"","p4_seo_canonical_url":"","p4_campaign_name":"","p4_local_project":"","p4_basket_name":"","p4_department":"","footnotes":""},"categories":[1],"tags":[],"p4-page-type":[75],"gpch-article-type":[],"class_list":["post-19336","post","type-post","status-publish","format-standard","has-post-thumbnail","hentry","category-unkategorisiert","p4-page-type-story"],"acf":[],"_links":{"self":[{"href":"https:\/\/www.greenpeace.ch\/de\/wp-json\/wp\/v2\/posts\/19336","targetHints":{"allow":["GET"]}}],"collection":[{"href":"https:\/\/www.greenpeace.ch\/de\/wp-json\/wp\/v2\/posts"}],"about":[{"href":"https:\/\/www.greenpeace.ch\/de\/wp-json\/wp\/v2\/types\/post"}],"author":[{"embeddable":true,"href":"https:\/\/www.greenpeace.ch\/de\/wp-json\/wp\/v2\/users\/23"}],"replies":[{"embeddable":true,"href":"https:\/\/www.greenpeace.ch\/de\/wp-json\/wp\/v2\/comments?post=19336"}],"version-history":[{"count":0,"href":"https:\/\/www.greenpeace.ch\/de\/wp-json\/wp\/v2\/posts\/19336\/revisions"}],"wp:featuredmedia":[{"embeddable":true,"href":"https:\/\/www.greenpeace.ch\/de\/wp-json\/wp\/v2\/media\/19338"}],"wp:attachment":[{"href":"https:\/\/www.greenpeace.ch\/de\/wp-json\/wp\/v2\/media?parent=19336"}],"wp:term":[{"taxonomy":"category","embeddable":true,"href":"https:\/\/www.greenpeace.ch\/de\/wp-json\/wp\/v2\/categories?post=19336"},{"taxonomy":"post_tag","embeddable":true,"href":"https:\/\/www.greenpeace.ch\/de\/wp-json\/wp\/v2\/tags?post=19336"},{"taxonomy":"p4-page-type","embeddable":true,"href":"https:\/\/www.greenpeace.ch\/de\/wp-json\/wp\/v2\/p4-page-type?post=19336"},{"taxonomy":"gpch-article-type","embeddable":true,"href":"https:\/\/www.greenpeace.ch\/de\/wp-json\/wp\/v2\/gpch-article-type?post=19336"}],"curies":[{"name":"wp","href":"https:\/\/api.w.org\/{rel}","templated":true}]}}