{"id":19340,"date":"2006-01-18T00:00:00","date_gmt":"2006-01-17T22:00:00","guid":{"rendered":"https:\/\/master.greenpeace.ch\/beitrag\/19340\/co2-gesetz-nicht-eingehalten-greenpeace-reicht-beschwerde-gegen-den-bundesrat-ein\/"},"modified":"2019-05-30T14:50:46","modified_gmt":"2019-05-30T12:50:46","slug":"co2-gesetz-nicht-eingehalten-greenpeace-reicht-beschwerde-gegen-den-bundesrat-ein","status":"publish","type":"post","link":"https:\/\/www.greenpeace.ch\/de\/story\/19340\/co2-gesetz-nicht-eingehalten-greenpeace-reicht-beschwerde-gegen-den-bundesrat-ein\/","title":{"rendered":"CO2-Gesetz nicht eingehalten: Greenpeace reicht Beschwerde gegen den Bundesrat ein"},"content":{"rendered":"<p><b>Greenpeace hat heute bei der Bundesversammlung eine Aufsichtsbeschwerde gegen den Bundesrat eingereicht. Die Umweltorganisation beanstandet, dass der Bundesrat bei der Einf\u00fchrung der CO2-Lenkungsabgabe seiner gesetzlichen Verantwortung nicht nachkommt. Seit mindestens zwei Jahren ist f\u00fcr Bundesrat und Beh\u00f6rden klar, dass die Reduktionsziele des CO2-Gesetzes nicht erreicht werden k\u00f6nnen, wenn nicht schnellstm\u00f6glich die daf\u00fcr notwendigen Lenkungsinstrumente eingef\u00fchrt werden. Das f\u00fcr die Einf\u00fchrung der CO2-Abgabe mehrmals genannte und sinnvolle Startdatum vom 1.1.06 verstrich ungenutzt.<\/b><\/p>\n<div>\n<div class=\"events-box small-box left\">\n<div class=\"frame\">\n        <a class=\"open-img EnlargeImage\" href=\"https:\/\/www.greenpeace.ch\/static\/planet4-switzerland-stateless\/2019\/05\/f5b44b00-f5b44b00-pic218.jpg\" title=\"\"><br \/>\n            <img decoding=\"async\" id=\"ctl00_cphContentArea_Property3_ctl00_ctl02_Image1\" class=\"Thumbnail\" src=\"https:\/\/www.greenpeace.ch\/static\/planet4-switzerland-stateless\/2019\/05\/f5b44b00-f5b44b00-pic218.jpg\" alt=\"\" style=\"border-width:0px;\"><\/p>\n<p>        <\/a>\n    <\/div>\n<div class=\"events-content no-title\">\n        <span class=\"date\"><\/span><br \/>\n        <strong><\/strong><\/p>\n<p>\n            \u00a9 Menn \/ Greenpeace\n        <\/p>\n<\/p>\n<\/div>\n<\/div>\n<p class=\"bodytext\">Z\u00fcrich. Im CO2-Gesetz steht klipp und klar: Ist es absehbar, dass die CO2-Reduktionsziele nicht erreicht werden, muss der Bundesrat die CO2-Abgabe auf Brennstoffen (Heiz\u00f6l, Gas) und Treibstoffen (Benzin, Diesel) einf\u00fchren.<\/p>\n<p>Bereits 2004 zeichnete sich deutlich ab, dass die CO2-Reduktionsziele ohne eine CO2-Lenkungsabgabe nicht eingehalten werden k\u00f6nnen und die Prognosen zeigten eine Ziell\u00fccke von 2.9 Mio. Tonnen CO2 im Jahr 2010. Geschehen ist jedoch bislang nichts. Greenpeace macht daf\u00fcr den Bundesrat verantwortlich. Er erlag dem Druck der \u00d6llobbyisten und scheint die Zeichen der Zeit nicht erkannt zu haben.<\/p>\n<ul>\n<li><a title=\"Startet den Datei-Download\" href=\"https:\/\/www.greenpeace.ch\/wp-content\/uploads\/2017\/01\/190106_aufsichtsbeschw.pdf\" target=\"_self\" rel=\"noopener noreferrer\">Kopie der Aufsichtsbeschwerde (download 260 KB)<\/a><\/li>\n<li><a class=\"normal\" href=\"http:\/\/www.klimainfo.ch\/\" target=\"klimainfo\" rel=\"noopener noreferrer\">Aktuelle Klima-Nachrichten (www.klimainfo.ch)<\/a><\/li>\n<\/ul>\n<\/div>\n","protected":false},"excerpt":{"rendered":"<p>Greenpeace hat heute bei der Bundesversammlung eine Aufsichtsbeschwerde gegen den Bundesrat eingereicht. Die Umweltorganisation beanstandet, dass der Bundesrat bei der Einf\u00fchrung der CO2-Lenkungsabgabe seiner gesetzlichen Verantwortung nicht nachkommt. Seit mindestens&hellip;<\/p>\n","protected":false},"author":23,"featured_media":19342,"comment_status":"closed","ping_status":"open","sticky":false,"template":"","format":"standard","meta":{"_acf_changed":false,"_planet4_optimize_post_is_variant":false,"_planet4_optimize_experiment_name":"","_planet4_optimize_variant_name":"","ep_exclude_from_search":false,"p4_og_title":"","p4_og_description":"","p4_og_image":"","p4_og_image_id":"","p4_seo_canonical_url":"","p4_campaign_name":"","p4_local_project":"","p4_basket_name":"","p4_department":"","footnotes":""},"categories":[1],"tags":[],"p4-page-type":[75],"gpch-article-type":[],"class_list":["post-19340","post","type-post","status-publish","format-standard","has-post-thumbnail","hentry","category-unkategorisiert","p4-page-type-story"],"acf":[],"_links":{"self":[{"href":"https:\/\/www.greenpeace.ch\/de\/wp-json\/wp\/v2\/posts\/19340","targetHints":{"allow":["GET"]}}],"collection":[{"href":"https:\/\/www.greenpeace.ch\/de\/wp-json\/wp\/v2\/posts"}],"about":[{"href":"https:\/\/www.greenpeace.ch\/de\/wp-json\/wp\/v2\/types\/post"}],"author":[{"embeddable":true,"href":"https:\/\/www.greenpeace.ch\/de\/wp-json\/wp\/v2\/users\/23"}],"replies":[{"embeddable":true,"href":"https:\/\/www.greenpeace.ch\/de\/wp-json\/wp\/v2\/comments?post=19340"}],"version-history":[{"count":0,"href":"https:\/\/www.greenpeace.ch\/de\/wp-json\/wp\/v2\/posts\/19340\/revisions"}],"wp:featuredmedia":[{"embeddable":true,"href":"https:\/\/www.greenpeace.ch\/de\/wp-json\/wp\/v2\/media\/19342"}],"wp:attachment":[{"href":"https:\/\/www.greenpeace.ch\/de\/wp-json\/wp\/v2\/media?parent=19340"}],"wp:term":[{"taxonomy":"category","embeddable":true,"href":"https:\/\/www.greenpeace.ch\/de\/wp-json\/wp\/v2\/categories?post=19340"},{"taxonomy":"post_tag","embeddable":true,"href":"https:\/\/www.greenpeace.ch\/de\/wp-json\/wp\/v2\/tags?post=19340"},{"taxonomy":"p4-page-type","embeddable":true,"href":"https:\/\/www.greenpeace.ch\/de\/wp-json\/wp\/v2\/p4-page-type?post=19340"},{"taxonomy":"gpch-article-type","embeddable":true,"href":"https:\/\/www.greenpeace.ch\/de\/wp-json\/wp\/v2\/gpch-article-type?post=19340"}],"curies":[{"name":"wp","href":"https:\/\/api.w.org\/{rel}","templated":true}]}}