{"id":19376,"date":"2005-12-21T00:00:00","date_gmt":"2005-12-20T22:00:00","guid":{"rendered":"https:\/\/master.greenpeace.ch\/beitrag\/19376\/gentech-raps-gefaehrdet-gentech-moratorium-2\/"},"modified":"2019-05-30T14:51:37","modified_gmt":"2019-05-30T12:51:37","slug":"gentech-raps-gefaehrdet-gentech-moratorium-2","status":"publish","type":"post","link":"https:\/\/www.greenpeace.ch\/de\/story\/19376\/gentech-raps-gefaehrdet-gentech-moratorium-2\/","title":{"rendered":"Gentech-Raps gef\u00e4hrdet Gentech-Moratorium"},"content":{"rendered":"<p><b>Die Schweizerische Arbeitsgruppe Gentechnologie SAG und Greenpeace Schweiz haben heute die zust\u00e4ndigen \u00c4mter und den Gesamtbundesrat aufgefordert, ein Bewilligungsgesuch der US-amerikanischen Firma Monsanto f\u00fcr den Import von Gentech-Raps (GT73) abzulehnen. Denn die hohe Auskreuzungsgefahr von Gentech-Raps verunm\u00f6glicht eine gentechnikfreie Schweizer Landwirtschaft. Eine solche Bewilligung w\u00fcrde mit der Bundesverfassung kollidieren, in der seit dem 27. November 2005 ein f\u00fcnf\u00e4hriges Gentech-Moratorium verankert ist.<\/b><\/p>\n<div>\n<div class=\"events-box small-box left\">\n<div class=\"frame\">\n        <a class=\"open-img EnlargeImage\" href=\"https:\/\/www.greenpeace.ch\/static\/planet4-switzerland-stateless\/2019\/05\/0f4e5691-0f4e5691-pic227.jpg\" title=\"\"><br \/>\n            <img decoding=\"async\" id=\"ctl00_cphContentArea_Property3_ctl00_ctl01_Image1\" class=\"Thumbnail\" src=\"https:\/\/www.greenpeace.ch\/static\/planet4-switzerland-stateless\/2019\/05\/0f4e5691-0f4e5691-pic227.jpg\" alt=\"\" style=\"border-width:0px;\"><\/p>\n<p>        <\/a>\n    <\/div>\n<div class=\"events-content no-title\">\n        <span class=\"date\"><\/span><br \/>\n        <strong><\/strong><\/p>\n<p>\n            \u00a9 Paul Langrock \/ Zenit\n        <\/p>\n<\/p>\n<\/div>\n<\/div>\n<p class=\"bodytext\">Z\u00fcrich. Nach dem Ja zur Gentechfrei-Initiative<br \/>\nsteht den Schweizer Beh\u00f6rden der erste Pr\u00fcfstein bevor. Die<br \/>\nUS-amerikanische Firma Monsanto will Gentech-Raps (GT73) als<br \/>\nFutter- und\/oder Lebensmittel auf dem Schweizer Markt<br \/>\nverkaufen.<\/p>\n<p>Auch wenn f\u00fcr die Verwendung als Futter- und Lebensmittel<br \/>\nbestimmt, w\u00fcrde der Import in die Schweiz, wo Rapskulturen und auch<br \/>\nwilde Artverwandte verbreitet vorkommen, unweigerlich zu<br \/>\nKontaminationen von gentechnikfreien Kulturen, Ernten oder<br \/>\nWarenposten f\u00fchren. Um eine gentechnikfrei produzierende<br \/>\nLandwirtschaft garantieren zu k\u00f6nnen, darf aber laut<br \/>\nBundesverfassung kein vermehrungsf\u00e4higes Gentech-Pflanzenmaterial<br \/>\nin die Schweiz importiert werden. Die Schweizerische Arbeitsgruppe<br \/>\nGentechnologie SAG und Greenpeace Schweiz fordern deshalb in einem<br \/>\nBrief den Bundesrat auf, das Monsanto-Gesuch abzulehnen. Die<br \/>\nProblematik wurde zudem den zust\u00e4ndigen \u00c4mtern (BAG, BVET, BUWAL)<br \/>\ndargestellt.<\/p>\n<\/div>\n","protected":false},"excerpt":{"rendered":"<p>Die Schweizerische Arbeitsgruppe Gentechnologie SAG und Greenpeace Schweiz haben heute die zust\u00e4ndigen \u00c4mter und den Gesamtbundesrat aufgefordert, ein Bewilligungsgesuch der US-amerikanischen Firma Monsanto f\u00fcr den Import von Gentech-Raps (GT73) abzulehnen.&hellip;<\/p>\n","protected":false},"author":23,"featured_media":19378,"comment_status":"closed","ping_status":"open","sticky":false,"template":"","format":"standard","meta":{"_acf_changed":false,"_planet4_optimize_post_is_variant":false,"_planet4_optimize_experiment_name":"","_planet4_optimize_variant_name":"","ep_exclude_from_search":false,"p4_og_title":"","p4_og_description":"","p4_og_image":"","p4_og_image_id":"","p4_seo_canonical_url":"","p4_campaign_name":"","p4_local_project":"","p4_basket_name":"","p4_department":"","footnotes":""},"categories":[1],"tags":[],"p4-page-type":[75],"gpch-article-type":[],"class_list":["post-19376","post","type-post","status-publish","format-standard","has-post-thumbnail","hentry","category-unkategorisiert","p4-page-type-story"],"acf":[],"_links":{"self":[{"href":"https:\/\/www.greenpeace.ch\/de\/wp-json\/wp\/v2\/posts\/19376","targetHints":{"allow":["GET"]}}],"collection":[{"href":"https:\/\/www.greenpeace.ch\/de\/wp-json\/wp\/v2\/posts"}],"about":[{"href":"https:\/\/www.greenpeace.ch\/de\/wp-json\/wp\/v2\/types\/post"}],"author":[{"embeddable":true,"href":"https:\/\/www.greenpeace.ch\/de\/wp-json\/wp\/v2\/users\/23"}],"replies":[{"embeddable":true,"href":"https:\/\/www.greenpeace.ch\/de\/wp-json\/wp\/v2\/comments?post=19376"}],"version-history":[{"count":0,"href":"https:\/\/www.greenpeace.ch\/de\/wp-json\/wp\/v2\/posts\/19376\/revisions"}],"wp:featuredmedia":[{"embeddable":true,"href":"https:\/\/www.greenpeace.ch\/de\/wp-json\/wp\/v2\/media\/19378"}],"wp:attachment":[{"href":"https:\/\/www.greenpeace.ch\/de\/wp-json\/wp\/v2\/media?parent=19376"}],"wp:term":[{"taxonomy":"category","embeddable":true,"href":"https:\/\/www.greenpeace.ch\/de\/wp-json\/wp\/v2\/categories?post=19376"},{"taxonomy":"post_tag","embeddable":true,"href":"https:\/\/www.greenpeace.ch\/de\/wp-json\/wp\/v2\/tags?post=19376"},{"taxonomy":"p4-page-type","embeddable":true,"href":"https:\/\/www.greenpeace.ch\/de\/wp-json\/wp\/v2\/p4-page-type?post=19376"},{"taxonomy":"gpch-article-type","embeddable":true,"href":"https:\/\/www.greenpeace.ch\/de\/wp-json\/wp\/v2\/gpch-article-type?post=19376"}],"curies":[{"name":"wp","href":"https:\/\/api.w.org\/{rel}","templated":true}]}}