{"id":19380,"date":"2006-01-02T00:00:00","date_gmt":"2006-01-01T22:00:00","guid":{"rendered":"https:\/\/master.greenpeace.ch\/beitrag\/19380\/bundesrat-will-gentech-kontamination-tuer-und-tor-oeffnen\/"},"modified":"2019-05-30T14:51:42","modified_gmt":"2019-05-30T12:51:42","slug":"bundesrat-will-gentech-kontamination-tuer-und-tor-oeffnen","status":"publish","type":"post","link":"https:\/\/www.greenpeace.ch\/de\/story\/19380\/bundesrat-will-gentech-kontamination-tuer-und-tor-oeffnen\/","title":{"rendered":"Bundesrat will Gentech-Kontamination T\u00fcr und Tor \u00f6ffnen"},"content":{"rendered":"<p><b>Heute geht die \u00f6ffentliche Vernehmlassung zu einer Verordnung zu Ende, die den Umgang mit Gentech-Pflanzen in der Landwirtschaft regeln soll. In ihrer Stellungnahme kritisiert die Umweltorganisation Greenpeace den bundesr\u00e4tlichen Entwurf zur so genannten Koexistenzverordnung scharf und setzt sich f\u00fcr einen echten Schutz gentechfreier Lebensmittel-Produktion ein. Der Entwurf des Bundesrates w\u00fcrde das Ende der Schweizer Biolandwirtschaft einl\u00e4uten und der Gentech-Kontamination T\u00fcr und Tor \u00f6ffnen.<\/b><\/p>\n<div>\n<div class=\"events-box small-box left\">\n<div class=\"frame\">\n        <a class=\"open-img EnlargeImage\" href=\"https:\/\/www.greenpeace.ch\/static\/planet4-switzerland-stateless\/2019\/05\/6cc564ff-6cc564ff-pic226.jpg\" title=\"\"><br \/>\n            <img decoding=\"async\" id=\"ctl00_cphContentArea_Property3_ctl00_ctl01_Image1\" class=\"Thumbnail\" src=\"https:\/\/www.greenpeace.ch\/static\/planet4-switzerland-stateless\/2019\/05\/6cc564ff-6cc564ff-pic226.jpg\" alt=\"\" style=\"border-width:0px;\"><\/p>\n<p>        <\/a>\n    <\/div>\n<div class=\"events-content no-title\">\n        <span class=\"date\"><\/span><br \/>\n        <strong><\/strong><\/p>\n<p>\n            \u00a9 Greenpeace\n        <\/p>\n<\/p>\n<\/div>\n<\/div>\n<p class=\"bodytext\">Z\u00fcrich. Am 3.10.2005 wurde der bundesr\u00e4tliche<br \/>\nEntwurf zur so genannten Koexistenz-Verordnung zum Anbau<br \/>\ngentechnisch ver\u00e4nderter Pflanzen in die \u00f6ffentliche Vernehmlassung<br \/>\ngeschickt. Der Entwurf des Bundesrates ist so l\u00f6chrig, dass der<br \/>\nTitel Kontaminationsverordnung eher angebracht w\u00e4re. So wie die<br \/>\nVerordnung jetzt lautet, ist sie eine Gebrauchsanweisung zur<br \/>\nsystematischen Verunreinigung unserer Landwirtschaft mit<br \/>\ngenmanipulierten Organismen.<\/p>\n<ul class=\"action-items\">\n<li><a href=\"https:\/\/www.greenpeace.ch\/wp-content\/uploads\/2017\/01\/stellungnahmeKoEV.pdf\" title=\"Startet den Datei-Download\" target=\"_self\" rel=\"noopener noreferrer\">Greenpeace<br \/>\nStellungnahme Koexistenzverordnung (download 145kb)<\/a><\/li>\n<\/ul>\n<\/div>\n","protected":false},"excerpt":{"rendered":"<p>Heute geht die \u00f6ffentliche Vernehmlassung zu einer Verordnung zu Ende, die den Umgang mit Gentech-Pflanzen in der Landwirtschaft regeln soll. In ihrer Stellungnahme kritisiert die Umweltorganisation Greenpeace den bundesr\u00e4tlichen Entwurf&hellip;<\/p>\n","protected":false},"author":23,"featured_media":19382,"comment_status":"closed","ping_status":"open","sticky":false,"template":"","format":"standard","meta":{"_acf_changed":false,"_planet4_optimize_post_is_variant":false,"_planet4_optimize_experiment_name":"","_planet4_optimize_variant_name":"","ep_exclude_from_search":false,"p4_og_title":"","p4_og_description":"","p4_og_image":"","p4_og_image_id":"","p4_seo_canonical_url":"","p4_campaign_name":"","p4_local_project":"","p4_basket_name":"","p4_department":"","footnotes":""},"categories":[1],"tags":[],"p4-page-type":[75],"gpch-article-type":[],"class_list":["post-19380","post","type-post","status-publish","format-standard","has-post-thumbnail","hentry","category-unkategorisiert","p4-page-type-story"],"acf":[],"_links":{"self":[{"href":"https:\/\/www.greenpeace.ch\/de\/wp-json\/wp\/v2\/posts\/19380","targetHints":{"allow":["GET"]}}],"collection":[{"href":"https:\/\/www.greenpeace.ch\/de\/wp-json\/wp\/v2\/posts"}],"about":[{"href":"https:\/\/www.greenpeace.ch\/de\/wp-json\/wp\/v2\/types\/post"}],"author":[{"embeddable":true,"href":"https:\/\/www.greenpeace.ch\/de\/wp-json\/wp\/v2\/users\/23"}],"replies":[{"embeddable":true,"href":"https:\/\/www.greenpeace.ch\/de\/wp-json\/wp\/v2\/comments?post=19380"}],"version-history":[{"count":0,"href":"https:\/\/www.greenpeace.ch\/de\/wp-json\/wp\/v2\/posts\/19380\/revisions"}],"wp:featuredmedia":[{"embeddable":true,"href":"https:\/\/www.greenpeace.ch\/de\/wp-json\/wp\/v2\/media\/19382"}],"wp:attachment":[{"href":"https:\/\/www.greenpeace.ch\/de\/wp-json\/wp\/v2\/media?parent=19380"}],"wp:term":[{"taxonomy":"category","embeddable":true,"href":"https:\/\/www.greenpeace.ch\/de\/wp-json\/wp\/v2\/categories?post=19380"},{"taxonomy":"post_tag","embeddable":true,"href":"https:\/\/www.greenpeace.ch\/de\/wp-json\/wp\/v2\/tags?post=19380"},{"taxonomy":"p4-page-type","embeddable":true,"href":"https:\/\/www.greenpeace.ch\/de\/wp-json\/wp\/v2\/p4-page-type?post=19380"},{"taxonomy":"gpch-article-type","embeddable":true,"href":"https:\/\/www.greenpeace.ch\/de\/wp-json\/wp\/v2\/gpch-article-type?post=19380"}],"curies":[{"name":"wp","href":"https:\/\/api.w.org\/{rel}","templated":true}]}}