{"id":19412,"date":"2005-11-26T00:00:00","date_gmt":"2005-11-25T22:00:00","guid":{"rendered":"https:\/\/master.greenpeace.ch\/beitrag\/19412\/schweizer-stimmvolk-will-keinen-gentech-anbau-ein-wichtiges-signal-nach-innen-und-aussen-2\/"},"modified":"2022-03-31T18:04:42","modified_gmt":"2022-03-31T16:04:42","slug":"gentechfrei-initiative-angenommen","status":"publish","type":"post","link":"https:\/\/www.greenpeace.ch\/de\/story\/19412\/gentechfrei-initiative-angenommen\/","title":{"rendered":"Gentechfrei-Initiative angenommen"},"content":{"rendered":"<p><b>Heute haben die Stimmb\u00fcrgerInnen die Gentechfrei-Initiative angenommen, die ein 5-j\u00e4hriges Moratorium f\u00fcr den kommerziellen Anbau von Gentech-Pflanzen forderte. Greenpeace begr\u00fcsst diesen Entscheid als Schritt in die richtige Richtung und vor allem als wichtiges Signal an die Schweizer Gesetzgeber und ins Ausland. Eine gentechfreie, \u00f6kologische Landwirtschaft hat Zukunft, das sollten auch die politischen Beh\u00f6rden in Br\u00fcssel, Berlin und anderswo endlich akzeptieren.<\/b><\/p>\n<div>\n<div class=\"events-box small-box left\">\n<div class=\"events-content no-title\">\n<p><span style=\"font-size: 1.125rem; color: initial; font-family: -apple-system, BlinkMacSystemFont, 'Segoe UI', Roboto, Oxygen-Sans, Ubuntu, Cantarell, 'Helvetica Neue', sans-serif; font-weight: var(--bs-body-font-weight); text-align: var(--bs-body-text-align);\">Z\u00fcrich\/Bern. Im Jubel \u00fcber die gewonnene<\/span><\/p>\n<\/div>\n<\/div>\n<p class=\"bodytext\">Abstimmung darf aber nicht vergessen werden, dass auch in der<br \/>\nSchweiz viele Probleme im Umgang mit genmanipulierten Organismen<br \/>\nungel\u00f6st sind. F\u00fcr Greenpeace bleibt nach wie vor viel zu tun.<\/p>\n<p class=\"bodytext\">Das heutige Abstimmungsresultat hat der<br \/>\nSchweizer Landwirtschaft etwas Luft und Zeit verschafft, die<br \/>\nProbleme im Umgang mit Gentech-Pflanzen sind damit aber nicht vom<br \/>\nTisch. Die Auskreuzung von Gentech-Pflanzen auf Bio-Nutzpflanzen<br \/>\nund wilde Verwandte, die Bildung resistenter Superunkr\u00e4uter, mit<br \/>\ndamit einhergehendem erh\u00f6htem Spritzmitteleinsatz, die<br \/>\nKontamination gentechfreien Saatguts, die Beeintr\u00e4chtigung von<br \/>\nNutzinsekten und die Bedrohung der Artenvielfalt, sind in<br \/>\nGentech-Anbau-L\u00e4ndern traurige Tatsachen.<\/p>\n<\/div>\n","protected":false},"excerpt":{"rendered":"<p>Ein Kommentar von Greenpeace zum Ergebnis der Gentechfrei-Initiative.<\/p>\n","protected":false},"author":23,"featured_media":19414,"comment_status":"closed","ping_status":"open","sticky":false,"template":"","format":"standard","meta":{"_acf_changed":false,"_planet4_optimize_post_is_variant":false,"_planet4_optimize_experiment_name":"","_planet4_optimize_variant_name":"","ep_exclude_from_search":false,"p4_og_title":"","p4_og_description":"","p4_og_image":"","p4_og_image_id":"","p4_seo_canonical_url":"","p4_campaign_name":"not set","p4_local_project":"not set","p4_basket_name":"not set","p4_department":"","footnotes":""},"categories":[1],"tags":[],"p4-page-type":[75],"gpch-article-type":[],"class_list":["post-19412","post","type-post","status-publish","format-standard","has-post-thumbnail","hentry","category-unkategorisiert","p4-page-type-story"],"acf":[],"_links":{"self":[{"href":"https:\/\/www.greenpeace.ch\/de\/wp-json\/wp\/v2\/posts\/19412","targetHints":{"allow":["GET"]}}],"collection":[{"href":"https:\/\/www.greenpeace.ch\/de\/wp-json\/wp\/v2\/posts"}],"about":[{"href":"https:\/\/www.greenpeace.ch\/de\/wp-json\/wp\/v2\/types\/post"}],"author":[{"embeddable":true,"href":"https:\/\/www.greenpeace.ch\/de\/wp-json\/wp\/v2\/users\/23"}],"replies":[{"embeddable":true,"href":"https:\/\/www.greenpeace.ch\/de\/wp-json\/wp\/v2\/comments?post=19412"}],"version-history":[{"count":0,"href":"https:\/\/www.greenpeace.ch\/de\/wp-json\/wp\/v2\/posts\/19412\/revisions"}],"wp:featuredmedia":[{"embeddable":true,"href":"https:\/\/www.greenpeace.ch\/de\/wp-json\/wp\/v2\/media\/19414"}],"wp:attachment":[{"href":"https:\/\/www.greenpeace.ch\/de\/wp-json\/wp\/v2\/media?parent=19412"}],"wp:term":[{"taxonomy":"category","embeddable":true,"href":"https:\/\/www.greenpeace.ch\/de\/wp-json\/wp\/v2\/categories?post=19412"},{"taxonomy":"post_tag","embeddable":true,"href":"https:\/\/www.greenpeace.ch\/de\/wp-json\/wp\/v2\/tags?post=19412"},{"taxonomy":"p4-page-type","embeddable":true,"href":"https:\/\/www.greenpeace.ch\/de\/wp-json\/wp\/v2\/p4-page-type?post=19412"},{"taxonomy":"gpch-article-type","embeddable":true,"href":"https:\/\/www.greenpeace.ch\/de\/wp-json\/wp\/v2\/gpch-article-type?post=19412"}],"curies":[{"name":"wp","href":"https:\/\/api.w.org\/{rel}","templated":true}]}}