{"id":19464,"date":"2005-11-03T00:00:00","date_gmt":"2005-11-02T22:00:00","guid":{"rendered":"https:\/\/master.greenpeace.ch\/beitrag\/19464\/weltgroesster-produzent-von-papiertuechern-und-toilettenpapier-zerstoert-die-urwaelder-nordamerikas\/"},"modified":"2019-05-30T14:53:41","modified_gmt":"2019-05-30T12:53:41","slug":"weltgroesster-produzent-von-papiertuechern-und-toilettenpapier-zerstoert-die-urwaelder-nordamerikas","status":"publish","type":"post","link":"https:\/\/www.greenpeace.ch\/de\/story\/19464\/weltgroesster-produzent-von-papiertuechern-und-toilettenpapier-zerstoert-die-urwaelder-nordamerikas\/","title":{"rendered":"Weltgr\u00f6sster Produzent von Papiert\u00fcchern und Toilettenpapier zerst\u00f6rt die Urw\u00e4lder Nordamerikas"},"content":{"rendered":"<p><b>In \u00fcber 160 St\u00e4dten in den USA und Kanada haben sich gestern Umweltsch\u00fctzer am Internationalen Aktionstag zur Rettung der borealen W\u00e4lder beteiligt. Als boreal werden die Waldgebiete bezeichnet, die in den k\u00e4lteren Zonen der n\u00f6rdlichen Erdh\u00e4lfte liegen. Der Protest richtete sich vor allem gegen das Unternehmen \u00abKimberley-Clark\u00bb, bekannt durch die Marke \u00abKleenex\u00bb. Der weltgr\u00f6sste Produzent von Papiert\u00fcchern und Toilettenpapier zerst\u00f6rt die Urw\u00e4lder Nordamerikas f\u00fcr seine Wegwerfprodukte.<\/b><\/p>\n<div>\n<div class=\"events-box small-box left\">\n<div class=\"frame\">\n        <a class=\"open-img EnlargeImage\" href=\"https:\/\/www.greenpeace.ch\/static\/planet4-switzerland-stateless\/2019\/05\/5da34f1b-5da34f1b-pic250.jpg\" title=\"\"><br \/>\n            <img decoding=\"async\" id=\"ctl00_cphContentArea_Property3_ctl00_ctl02_Image1\" class=\"Thumbnail\" src=\"https:\/\/www.greenpeace.ch\/static\/planet4-switzerland-stateless\/2019\/05\/5da34f1b-5da34f1b-pic250.jpg\" alt=\"\" style=\"border-width:0px;\"><\/p>\n<p>        <\/a>\n    <\/div>\n<div class=\"events-content no-title\">\n        <span class=\"date\"><\/span><br \/>\n        <strong><\/strong><\/p>\n<p>\n            \u00a9 Male \/ Greenpeace\n        <\/p>\n<\/p>\n<\/div>\n<\/div>\n<p class=\"bodytext\">Z\u00fcrich\/USA. In Toronto und in San Francisco veranschaulichten Greenpeacer ihr Anliegen: Sie stellten 25 wei\u00dfe Klosettsch\u00fcsseln mit wei\u00dfen Sp\u00fclk\u00e4sten auf ein Rasenst\u00fcck. Aus jedem Klosett ragte gerade noch der Wipfel eines Tannenbaums. Auf einem Transparent stand: Kimberley-Clark &#8211; Urw\u00e4lder landen im Klo. In Knoxville wickelten Aktivisten die Gesch\u00e4ftszentrale von Kimberley-Clark mit gelb-schwarzem Forest-Crime-Scene-Absperrband ein und projizierten mit einem Diager\u00e4t Bilder vom Kahlschlag auf die Geb\u00e4udewand.<\/p>\n<ul class=\"action-items\">\n<li><a class=\"normal\" href=\"http:\/\/www.greenpeace.org\/usa\/\" target=\"gpus\" rel=\"noopener noreferrer\">mehr zum Thema (greenpeace.us)<\/a><\/li>\n<li><a class=\"normal\" href=\"http:\/\/www.kleercut.net\/en\/cyberaction\" target=\"kleercut\" rel=\"noopener noreferrer\">Cyberaction: www.kleercut.net (engl.)<\/a><\/li>\n<\/ul>\n<\/div>\n","protected":false},"excerpt":{"rendered":"<p>In \u00fcber 160 St\u00e4dten in den USA und Kanada haben sich gestern Umweltsch\u00fctzer am Internationalen Aktionstag zur Rettung der borealen W\u00e4lder beteiligt. Als boreal werden die Waldgebiete bezeichnet, die in&hellip;<\/p>\n","protected":false},"author":23,"featured_media":19466,"comment_status":"closed","ping_status":"open","sticky":false,"template":"","format":"standard","meta":{"_acf_changed":false,"_planet4_optimize_post_is_variant":false,"_planet4_optimize_experiment_name":"","_planet4_optimize_variant_name":"","ep_exclude_from_search":false,"p4_og_title":"","p4_og_description":"","p4_og_image":"","p4_og_image_id":"","p4_seo_canonical_url":"","p4_campaign_name":"","p4_local_project":"","p4_basket_name":"","p4_department":"","footnotes":""},"categories":[1],"tags":[],"p4-page-type":[75],"gpch-article-type":[],"class_list":["post-19464","post","type-post","status-publish","format-standard","has-post-thumbnail","hentry","category-unkategorisiert","p4-page-type-story"],"acf":[],"_links":{"self":[{"href":"https:\/\/www.greenpeace.ch\/de\/wp-json\/wp\/v2\/posts\/19464","targetHints":{"allow":["GET"]}}],"collection":[{"href":"https:\/\/www.greenpeace.ch\/de\/wp-json\/wp\/v2\/posts"}],"about":[{"href":"https:\/\/www.greenpeace.ch\/de\/wp-json\/wp\/v2\/types\/post"}],"author":[{"embeddable":true,"href":"https:\/\/www.greenpeace.ch\/de\/wp-json\/wp\/v2\/users\/23"}],"replies":[{"embeddable":true,"href":"https:\/\/www.greenpeace.ch\/de\/wp-json\/wp\/v2\/comments?post=19464"}],"version-history":[{"count":0,"href":"https:\/\/www.greenpeace.ch\/de\/wp-json\/wp\/v2\/posts\/19464\/revisions"}],"wp:featuredmedia":[{"embeddable":true,"href":"https:\/\/www.greenpeace.ch\/de\/wp-json\/wp\/v2\/media\/19466"}],"wp:attachment":[{"href":"https:\/\/www.greenpeace.ch\/de\/wp-json\/wp\/v2\/media?parent=19464"}],"wp:term":[{"taxonomy":"category","embeddable":true,"href":"https:\/\/www.greenpeace.ch\/de\/wp-json\/wp\/v2\/categories?post=19464"},{"taxonomy":"post_tag","embeddable":true,"href":"https:\/\/www.greenpeace.ch\/de\/wp-json\/wp\/v2\/tags?post=19464"},{"taxonomy":"p4-page-type","embeddable":true,"href":"https:\/\/www.greenpeace.ch\/de\/wp-json\/wp\/v2\/p4-page-type?post=19464"},{"taxonomy":"gpch-article-type","embeddable":true,"href":"https:\/\/www.greenpeace.ch\/de\/wp-json\/wp\/v2\/gpch-article-type?post=19464"}],"curies":[{"name":"wp","href":"https:\/\/api.w.org\/{rel}","templated":true}]}}