{"id":19553,"date":"2005-09-05T00:00:00","date_gmt":"2005-09-04T22:00:00","guid":{"rendered":"https:\/\/master.greenpeace.ch\/beitrag\/19553\/greenpeace-kommentar-zu-hurrikan-katrina\/"},"modified":"2019-05-30T14:55:49","modified_gmt":"2019-05-30T12:55:49","slug":"greenpeace-kommentar-zu-hurrikan-katrina","status":"publish","type":"post","link":"https:\/\/www.greenpeace.ch\/de\/story\/19553\/greenpeace-kommentar-zu-hurrikan-katrina\/","title":{"rendered":"Greenpeace Kommentar zu Hurrikan \u00abKatrina\u00bb"},"content":{"rendered":"<p><b>Greenpeace nimmt Anteil am Schicksal der Menschen von New Orleans, S\u00fcd-Louisiana, Mississippi und Alabama die im Sog von \u00abKatrina\u00bb alles verloren haben. Zurzeit m\u00fcssen sich s\u00e4mtliche verf\u00fcgbaren Kr\u00e4fte darauf konzentrieren, die unmittelbaren Konsequenzen des Hurrikans f\u00fcr Mensch und Umwelt in den Griff zu bekommen. Dar\u00fcber hinaus und langfristig gibt es jedoch verschiedene Lehren, die aus \u00abKatrina\u00ab gezogen werden k\u00f6nnen. Wir sollten diese Naturkatastrophe als Warnruf verstehen bez\u00fcglich der Gefahren einer andauernden Abh\u00e4ngigkeit von fossilen Brennstoffen.<\/b><\/p>\n<div>\n<div class=\"events-box small-box left\">\n<div class=\"frame\">\n        <a class=\"open-img EnlargeImage\" href=\"https:\/\/www.greenpeace.ch\/static\/planet4-switzerland-stateless\/2019\/05\/ddc0dc16-ddc0dc16-pic271.jpg\" title=\"\"><br \/>\n            <img decoding=\"async\" id=\"ctl00_cphContentArea_Property3_ctl00_ctl02_Image1\" class=\"Thumbnail\" src=\"https:\/\/www.greenpeace.ch\/static\/planet4-switzerland-stateless\/2019\/05\/ddc0dc16-ddc0dc16-pic271.jpg\" alt=\"\" style=\"border-width:0px;\"><\/p>\n<p>        <\/a>\n    <\/div>\n<div class=\"events-content no-title\">\n        <span class=\"date\"><\/span><br \/>\n        <strong><\/strong><\/p>\n<p>\n            \u00a9 Greenpeace\n        <\/p>\n<\/p>\n<\/div>\n<\/div>\n<p class=\"bodytext\">International. Greenpeace ist \u00fcberzeugt, dass gleichzeitig mit dem Abpumpen der Wassermassen und dem Wiederaufbau von New Orleans weitere Anstrengungen unternommen werden sollten. Die USA und die restliche Welt m\u00fcssen sich endlich frei machen von ihrer Abh\u00e4ngigkeit von fossilen Brennstoffen &#8211; einer Abh\u00e4ngigkeit, welche die globale Erw\u00e4rmung vorantreibt und in Zukunft viele weitere \u00dcberschwemmungen von K\u00fcstengebieten und Extremwetter-Ereignisse verursachen wird.<\/p>\n<ul class=\"action-items\">\n<li><a class=\"normal\" href=\"http:\/\/www.greenpeace.org\/international\/news\/Katrina\" target=\"gpi\" rel=\"noopener noreferrer\">mehr zum Thema (engl.)<\/a><\/li>\n<\/ul>\n<\/div>\n","protected":false},"excerpt":{"rendered":"<p>Greenpeace nimmt Anteil am Schicksal der Menschen von New Orleans, S\u00fcd-Louisiana, Mississippi und Alabama die im Sog von \u00abKatrina\u00bb alles verloren haben. Zurzeit m\u00fcssen sich s\u00e4mtliche verf\u00fcgbaren Kr\u00e4fte darauf konzentrieren,&hellip;<\/p>\n","protected":false},"author":23,"featured_media":19555,"comment_status":"closed","ping_status":"open","sticky":false,"template":"","format":"standard","meta":{"_acf_changed":false,"_planet4_optimize_post_is_variant":false,"_planet4_optimize_experiment_name":"","_planet4_optimize_variant_name":"","ep_exclude_from_search":false,"p4_og_title":"","p4_og_description":"","p4_og_image":"","p4_og_image_id":"","p4_seo_canonical_url":"","p4_campaign_name":"","p4_local_project":"","p4_basket_name":"","p4_department":"","footnotes":""},"categories":[1],"tags":[],"p4-page-type":[75],"gpch-article-type":[],"class_list":["post-19553","post","type-post","status-publish","format-standard","has-post-thumbnail","hentry","category-unkategorisiert","p4-page-type-story"],"acf":[],"_links":{"self":[{"href":"https:\/\/www.greenpeace.ch\/de\/wp-json\/wp\/v2\/posts\/19553","targetHints":{"allow":["GET"]}}],"collection":[{"href":"https:\/\/www.greenpeace.ch\/de\/wp-json\/wp\/v2\/posts"}],"about":[{"href":"https:\/\/www.greenpeace.ch\/de\/wp-json\/wp\/v2\/types\/post"}],"author":[{"embeddable":true,"href":"https:\/\/www.greenpeace.ch\/de\/wp-json\/wp\/v2\/users\/23"}],"replies":[{"embeddable":true,"href":"https:\/\/www.greenpeace.ch\/de\/wp-json\/wp\/v2\/comments?post=19553"}],"version-history":[{"count":0,"href":"https:\/\/www.greenpeace.ch\/de\/wp-json\/wp\/v2\/posts\/19553\/revisions"}],"wp:featuredmedia":[{"embeddable":true,"href":"https:\/\/www.greenpeace.ch\/de\/wp-json\/wp\/v2\/media\/19555"}],"wp:attachment":[{"href":"https:\/\/www.greenpeace.ch\/de\/wp-json\/wp\/v2\/media?parent=19553"}],"wp:term":[{"taxonomy":"category","embeddable":true,"href":"https:\/\/www.greenpeace.ch\/de\/wp-json\/wp\/v2\/categories?post=19553"},{"taxonomy":"post_tag","embeddable":true,"href":"https:\/\/www.greenpeace.ch\/de\/wp-json\/wp\/v2\/tags?post=19553"},{"taxonomy":"p4-page-type","embeddable":true,"href":"https:\/\/www.greenpeace.ch\/de\/wp-json\/wp\/v2\/p4-page-type?post=19553"},{"taxonomy":"gpch-article-type","embeddable":true,"href":"https:\/\/www.greenpeace.ch\/de\/wp-json\/wp\/v2\/gpch-article-type?post=19553"}],"curies":[{"name":"wp","href":"https:\/\/api.w.org\/{rel}","templated":true}]}}