{"id":19561,"date":"2005-09-01T00:00:00","date_gmt":"2005-08-31T22:00:00","guid":{"rendered":"https:\/\/master.greenpeace.ch\/beitrag\/19561\/ig-drb-kosmetik-beim-roemisloch-schluss-mit-dem-deponie-theater-totalsanierung-jetzt\/"},"modified":"2019-05-30T14:56:00","modified_gmt":"2019-05-30T12:56:00","slug":"ig-drb-kosmetik-beim-roemisloch-schluss-mit-dem-deponie-theater-totalsanierung-jetzt","status":"publish","type":"post","link":"https:\/\/www.greenpeace.ch\/de\/story\/19561\/ig-drb-kosmetik-beim-roemisloch-schluss-mit-dem-deponie-theater-totalsanierung-jetzt\/","title":{"rendered":"IG DRB-Kosmetik beim R\u00f6misloch: Schluss mit dem Deponie-Theater \u2013 Totalsanierung jetzt!"},"content":{"rendered":"<p><b>Bei der Els\u00e4sser Chemiem\u00fclldeponie R\u00f6misloch sind die Bagger aufgefahren. Die IG DRB l\u00e4sst neben neuen Bohrl\u00f6chern lediglich einen Sickerwasser stauenden T\u00fcmpel unterhalb der Deponie planieren. Die Deponie-Gifte k\u00f6nnen weiterhin ungehindert auslaufen! Die IG DRB beseitigt damit die Ursache der Umweltverschmutzung beim R\u00f6misloch nicht. Die Greenpeace-Regionalgruppe Basel protestiert mit einem Affenauftritt gegen dieses Deponie-Theater und fordert die sofortige Totalsanierung dieser Chemiem\u00fclldeponie.<\/b><\/p>\n<div>\n<div class=\"events-box small-box left\">\n<div class=\"frame\">\n        <a class=\"open-img EnlargeImage\" href=\"https:\/\/www.greenpeace.ch\/static\/planet4-switzerland-stateless\/2019\/05\/ad157e56-ad157e56-pic272.jpg\" title=\"\"><br \/>\n            <img decoding=\"async\" id=\"ctl00_cphContentArea_Property3_ctl00_ctl02_Image1\" class=\"Thumbnail\" src=\"https:\/\/www.greenpeace.ch\/static\/planet4-switzerland-stateless\/2019\/05\/ad157e56-ad157e56-pic272.jpg\" alt=\"\" style=\"border-width:0px;\"><\/p>\n<p>        <\/a>\n    <\/div>\n<div class=\"events-content no-title\">\n        <span class=\"date\"><\/span><br \/>\n        <strong><\/strong><\/p>\n<p>\n            \u00a9 B\u00e4rlocher \/ Greenpeace\n        <\/p>\n<\/p>\n<\/div>\n<\/div>\n<p class=\"bodytext\"><span class=\"date\">Neuwiller (F). <\/span><span class=\"text\">AktivistInnen der Greenpeace Regionalgruppe Basel haben gestern  Nachmittag bei der Els\u00e4sser Chemiem\u00fclldeponie R\u00f6misloch einen Augenschein  vorgenommen, um die gestern von der IG DRB angek\u00fcndigten Massnahmen zu  \u00fcberpr\u00fcfen. Die Bagger unterhalb der Deponie haben allein den T\u00fcmpel eliminiert  und sind dabei, in der N\u00e4he der Deponie verschiedene Bohrl\u00f6cher in den Boden zu  treiben. <\/span><\/p>\n<\/div>\n","protected":false},"excerpt":{"rendered":"<p>Bei der Els\u00e4sser Chemiem\u00fclldeponie R\u00f6misloch sind die Bagger aufgefahren. Die IG DRB l\u00e4sst neben neuen Bohrl\u00f6chern lediglich einen Sickerwasser stauenden T\u00fcmpel unterhalb der Deponie planieren. Die Deponie-Gifte k\u00f6nnen weiterhin ungehindert&hellip;<\/p>\n","protected":false},"author":23,"featured_media":19563,"comment_status":"closed","ping_status":"open","sticky":false,"template":"","format":"standard","meta":{"_acf_changed":false,"_planet4_optimize_post_is_variant":false,"_planet4_optimize_experiment_name":"","_planet4_optimize_variant_name":"","ep_exclude_from_search":false,"p4_og_title":"","p4_og_description":"","p4_og_image":"","p4_og_image_id":"","p4_seo_canonical_url":"","p4_campaign_name":"","p4_local_project":"","p4_basket_name":"","p4_department":"","footnotes":""},"categories":[1],"tags":[],"p4-page-type":[75],"gpch-article-type":[],"class_list":["post-19561","post","type-post","status-publish","format-standard","has-post-thumbnail","hentry","category-unkategorisiert","p4-page-type-story"],"acf":[],"_links":{"self":[{"href":"https:\/\/www.greenpeace.ch\/de\/wp-json\/wp\/v2\/posts\/19561","targetHints":{"allow":["GET"]}}],"collection":[{"href":"https:\/\/www.greenpeace.ch\/de\/wp-json\/wp\/v2\/posts"}],"about":[{"href":"https:\/\/www.greenpeace.ch\/de\/wp-json\/wp\/v2\/types\/post"}],"author":[{"embeddable":true,"href":"https:\/\/www.greenpeace.ch\/de\/wp-json\/wp\/v2\/users\/23"}],"replies":[{"embeddable":true,"href":"https:\/\/www.greenpeace.ch\/de\/wp-json\/wp\/v2\/comments?post=19561"}],"version-history":[{"count":0,"href":"https:\/\/www.greenpeace.ch\/de\/wp-json\/wp\/v2\/posts\/19561\/revisions"}],"wp:featuredmedia":[{"embeddable":true,"href":"https:\/\/www.greenpeace.ch\/de\/wp-json\/wp\/v2\/media\/19563"}],"wp:attachment":[{"href":"https:\/\/www.greenpeace.ch\/de\/wp-json\/wp\/v2\/media?parent=19561"}],"wp:term":[{"taxonomy":"category","embeddable":true,"href":"https:\/\/www.greenpeace.ch\/de\/wp-json\/wp\/v2\/categories?post=19561"},{"taxonomy":"post_tag","embeddable":true,"href":"https:\/\/www.greenpeace.ch\/de\/wp-json\/wp\/v2\/tags?post=19561"},{"taxonomy":"p4-page-type","embeddable":true,"href":"https:\/\/www.greenpeace.ch\/de\/wp-json\/wp\/v2\/p4-page-type?post=19561"},{"taxonomy":"gpch-article-type","embeddable":true,"href":"https:\/\/www.greenpeace.ch\/de\/wp-json\/wp\/v2\/gpch-article-type?post=19561"}],"curies":[{"name":"wp","href":"https:\/\/api.w.org\/{rel}","templated":true}]}}