{"id":19565,"date":"2005-08-23T00:00:00","date_gmt":"2005-08-22T22:00:00","guid":{"rendered":"https:\/\/master.greenpeace.ch\/beitrag\/19565\/unwetterkatastrophe-jetzt-handeln-fuer-ein-stabileres-klima-2\/"},"modified":"2019-05-30T14:56:05","modified_gmt":"2019-05-30T12:56:05","slug":"unwetterkatastrophe-jetzt-handeln-fuer-ein-stabileres-klima-2","status":"publish","type":"post","link":"https:\/\/www.greenpeace.ch\/de\/story\/19565\/unwetterkatastrophe-jetzt-handeln-fuer-ein-stabileres-klima-2\/","title":{"rendered":"Unwetterkatastrophe: jetzt handeln f\u00fcr ein stabileres Klima"},"content":{"rendered":"<p><b>Gegen das Wetter k\u00f6nnen wir nichts tun. Doch f\u00fcr ein besseres Klima m\u00fcssen wir handeln. So lautet das umweltpolitische Fazit der letzten Tage, in denen grosse Teile der Schweiz in noch nie da gewesenen sintflutartigen Regenmassen versanken, w\u00e4hrend S\u00fcdeuropa fest im Griff der D\u00fcrre ist.<\/b><\/p>\n<div>\n<div class=\"events-box small-box left\">\n<div class=\"frame\">\n        <a class=\"open-img EnlargeImage\" href=\"https:\/\/www.greenpeace.ch\/static\/planet4-switzerland-stateless\/2019\/05\/374eceee-374eceee-pic275.jpg\" title=\"\"><br \/>\n            <img decoding=\"async\" id=\"ctl00_cphContentArea_Property3_ctl00_ctl02_Image1\" class=\"Thumbnail\" src=\"https:\/\/www.greenpeace.ch\/static\/planet4-switzerland-stateless\/2019\/05\/374eceee-374eceee-pic275.jpg\" alt=\"\" style=\"border-width:0px;\"><\/p>\n<p>        <\/a>\n    <\/div>\n<div class=\"events-content no-title\">\n        <span class=\"date\"><\/span><br \/>\n        <strong><\/strong><\/p>\n<p>\n            \u00a9 Greenpeace \/ Grasser\n        <\/p>\n<\/p>\n<\/div>\n<\/div>\n<p class=\"bodytext\">Z\u00fcrich. \u00abNat\u00fcrlich gilt es zu allererst, den Menschen vor Ort zu helfen\u00bb, sagt Alexander Hauri, Klimaexperte von Greenpeace. Klar ist jedoch auch: \u00abDie jetzigen Ereignisse sind die Prognosen von morgen. So sieht der Klimawandel f\u00fcr die Schweiz aus. Die Wetterextreme passen genau ins Muster. Nur eine starke Klimapolitik kann hier entgegentreten. Der CO2-Ausstoss ist mit hoher Dringlichkeit massiv zu reduzieren. Wer sich, wie die Erd\u00f6l-, Auto- und grosse Teile der Wirtschaftslobby, dagegen wehrt, handelt verantwortungslos und skandal\u00f6s. Und muss als eigentlicher Verursacher weiterer schwerer Ereignisse gelten und daf\u00fcr k\u00fcnftig auch zur Kasse gebeten werden.\u00bb<\/p>\n<\/div>\n","protected":false},"excerpt":{"rendered":"<p>Gegen das Wetter k\u00f6nnen wir nichts tun. Doch f\u00fcr ein besseres Klima m\u00fcssen wir handeln. So lautet das umweltpolitische Fazit der letzten Tage, in denen grosse Teile der Schweiz in&hellip;<\/p>\n","protected":false},"author":23,"featured_media":19567,"comment_status":"closed","ping_status":"open","sticky":false,"template":"","format":"standard","meta":{"_acf_changed":false,"_planet4_optimize_post_is_variant":false,"_planet4_optimize_experiment_name":"","_planet4_optimize_variant_name":"","ep_exclude_from_search":false,"p4_og_title":"","p4_og_description":"","p4_og_image":"","p4_og_image_id":"","p4_seo_canonical_url":"","p4_campaign_name":"","p4_local_project":"","p4_basket_name":"","p4_department":"","footnotes":""},"categories":[1],"tags":[],"p4-page-type":[75],"gpch-article-type":[],"class_list":["post-19565","post","type-post","status-publish","format-standard","has-post-thumbnail","hentry","category-unkategorisiert","p4-page-type-story"],"acf":[],"_links":{"self":[{"href":"https:\/\/www.greenpeace.ch\/de\/wp-json\/wp\/v2\/posts\/19565","targetHints":{"allow":["GET"]}}],"collection":[{"href":"https:\/\/www.greenpeace.ch\/de\/wp-json\/wp\/v2\/posts"}],"about":[{"href":"https:\/\/www.greenpeace.ch\/de\/wp-json\/wp\/v2\/types\/post"}],"author":[{"embeddable":true,"href":"https:\/\/www.greenpeace.ch\/de\/wp-json\/wp\/v2\/users\/23"}],"replies":[{"embeddable":true,"href":"https:\/\/www.greenpeace.ch\/de\/wp-json\/wp\/v2\/comments?post=19565"}],"version-history":[{"count":0,"href":"https:\/\/www.greenpeace.ch\/de\/wp-json\/wp\/v2\/posts\/19565\/revisions"}],"wp:featuredmedia":[{"embeddable":true,"href":"https:\/\/www.greenpeace.ch\/de\/wp-json\/wp\/v2\/media\/19567"}],"wp:attachment":[{"href":"https:\/\/www.greenpeace.ch\/de\/wp-json\/wp\/v2\/media?parent=19565"}],"wp:term":[{"taxonomy":"category","embeddable":true,"href":"https:\/\/www.greenpeace.ch\/de\/wp-json\/wp\/v2\/categories?post=19565"},{"taxonomy":"post_tag","embeddable":true,"href":"https:\/\/www.greenpeace.ch\/de\/wp-json\/wp\/v2\/tags?post=19565"},{"taxonomy":"p4-page-type","embeddable":true,"href":"https:\/\/www.greenpeace.ch\/de\/wp-json\/wp\/v2\/p4-page-type?post=19565"},{"taxonomy":"gpch-article-type","embeddable":true,"href":"https:\/\/www.greenpeace.ch\/de\/wp-json\/wp\/v2\/gpch-article-type?post=19565"}],"curies":[{"name":"wp","href":"https:\/\/api.w.org\/{rel}","templated":true}]}}