{"id":19569,"date":"2005-08-29T00:00:00","date_gmt":"2005-08-28T22:00:00","guid":{"rendered":"https:\/\/master.greenpeace.ch\/beitrag\/19569\/amtlich-bewilligter-ablasshandel-allianz-fordert-transparenz-und-hoechste-standards\/"},"modified":"2019-05-30T14:56:12","modified_gmt":"2019-05-30T12:56:12","slug":"amtlich-bewilligter-ablasshandel-allianz-fordert-transparenz-und-hoechste-standards","status":"publish","type":"post","link":"https:\/\/www.greenpeace.ch\/de\/story\/19569\/amtlich-bewilligter-ablasshandel-allianz-fordert-transparenz-und-hoechste-standards\/","title":{"rendered":"Amtlich bewilligter Ablasshandel: Allianz fordert Transparenz und h\u00f6chste Standards"},"content":{"rendered":"<p><b>Der Bund hat heute mit der \u00abStiftung Klimarappen\u00bb die Vereinbarung \u00fcber den Benzinrappen abgeschlossen. Mit dieser Vereinbarung werden die bis 2007 zu erreichenden Ziele verw\u00e4ssert. Qualit\u00e4tsvorgaben f\u00fcr den Zertifikatekauf fehlen. Die 48 Organisationen der \u00abAllianz f\u00fcr eine verantwortungsvolle Klimapolitik\u00bb verlangen von der Stiftung vollst\u00e4ndige Transparenz \u00fcber ihre T\u00e4tigkeit und h\u00f6chste Standards f\u00fcr die CO2-Zertifikate.<\/b><\/p>\n<div>\n<div class=\"events-box small-box left\">\n<div class=\"frame\">\n        <a class=\"open-img EnlargeImage\" href=\"https:\/\/www.greenpeace.ch\/static\/planet4-switzerland-stateless\/2019\/05\/c3455da8-c3455da8-pic274.jpg\" title=\"\"><br \/>\n            <img decoding=\"async\" id=\"ctl00_cphContentArea_Property3_ctl00_ctl02_Image1\" class=\"Thumbnail\" src=\"https:\/\/www.greenpeace.ch\/static\/planet4-switzerland-stateless\/2019\/05\/c3455da8-c3455da8-pic274.jpg\" alt=\"\" style=\"border-width:0px;\"><\/p>\n<p>        <\/a>\n    <\/div>\n<div class=\"events-content no-title\">\n        <span class=\"date\"><\/span><br \/>\n        <strong><\/strong><\/p>\n<p>\n            \u00a9 Schneider \/ Greenpeace\n        <\/p>\n<\/p>\n<\/div>\n<\/div>\n<p class=\"bodytext\">Z\u00fcrich. Heute hat die private \u00abStiftung Klimarappen\u00bb mit dem Bund die Vereinbarung \u00fcber den Rappen auf Benzin abgeschlossen. Die von Erd\u00f6lprofiteuren und Wirtschaftsverb\u00e4nden mit Wucht durchgedr\u00fcckte Pseudo-Alternative zur CO2-Lenkungsabgabe wird Realit\u00e4t. Der Klima-Ablasshandel kann amtlich bewilligt starten.<\/p>\n<\/div>\n","protected":false},"excerpt":{"rendered":"<p>Der Bund hat heute mit der \u00abStiftung Klimarappen\u00bb die Vereinbarung \u00fcber den Benzinrappen abgeschlossen. Mit dieser Vereinbarung werden die bis 2007 zu erreichenden Ziele verw\u00e4ssert. Qualit\u00e4tsvorgaben f\u00fcr den Zertifikatekauf fehlen.&hellip;<\/p>\n","protected":false},"author":23,"featured_media":19571,"comment_status":"closed","ping_status":"open","sticky":false,"template":"","format":"standard","meta":{"_acf_changed":false,"_planet4_optimize_post_is_variant":false,"_planet4_optimize_experiment_name":"","_planet4_optimize_variant_name":"","ep_exclude_from_search":false,"p4_og_title":"","p4_og_description":"","p4_og_image":"","p4_og_image_id":"","p4_seo_canonical_url":"","p4_campaign_name":"","p4_local_project":"","p4_basket_name":"","p4_department":"","footnotes":""},"categories":[1],"tags":[],"p4-page-type":[75],"gpch-article-type":[],"class_list":["post-19569","post","type-post","status-publish","format-standard","has-post-thumbnail","hentry","category-unkategorisiert","p4-page-type-story"],"acf":[],"_links":{"self":[{"href":"https:\/\/www.greenpeace.ch\/de\/wp-json\/wp\/v2\/posts\/19569","targetHints":{"allow":["GET"]}}],"collection":[{"href":"https:\/\/www.greenpeace.ch\/de\/wp-json\/wp\/v2\/posts"}],"about":[{"href":"https:\/\/www.greenpeace.ch\/de\/wp-json\/wp\/v2\/types\/post"}],"author":[{"embeddable":true,"href":"https:\/\/www.greenpeace.ch\/de\/wp-json\/wp\/v2\/users\/23"}],"replies":[{"embeddable":true,"href":"https:\/\/www.greenpeace.ch\/de\/wp-json\/wp\/v2\/comments?post=19569"}],"version-history":[{"count":0,"href":"https:\/\/www.greenpeace.ch\/de\/wp-json\/wp\/v2\/posts\/19569\/revisions"}],"wp:featuredmedia":[{"embeddable":true,"href":"https:\/\/www.greenpeace.ch\/de\/wp-json\/wp\/v2\/media\/19571"}],"wp:attachment":[{"href":"https:\/\/www.greenpeace.ch\/de\/wp-json\/wp\/v2\/media?parent=19569"}],"wp:term":[{"taxonomy":"category","embeddable":true,"href":"https:\/\/www.greenpeace.ch\/de\/wp-json\/wp\/v2\/categories?post=19569"},{"taxonomy":"post_tag","embeddable":true,"href":"https:\/\/www.greenpeace.ch\/de\/wp-json\/wp\/v2\/tags?post=19569"},{"taxonomy":"p4-page-type","embeddable":true,"href":"https:\/\/www.greenpeace.ch\/de\/wp-json\/wp\/v2\/p4-page-type?post=19569"},{"taxonomy":"gpch-article-type","embeddable":true,"href":"https:\/\/www.greenpeace.ch\/de\/wp-json\/wp\/v2\/gpch-article-type?post=19569"}],"curies":[{"name":"wp","href":"https:\/\/api.w.org\/{rel}","templated":true}]}}